{"id":4848,"date":"2013-02-18T20:27:23","date_gmt":"2013-02-18T18:27:23","guid":{"rendered":"http:\/\/www.skruttet.com\/?p=4848"},"modified":"2013-02-18T20:58:08","modified_gmt":"2013-02-18T18:58:08","slug":"snart-ar-jag-redo-snart-ar-jag-dar","status":"publish","type":"post","link":"https:\/\/blog.skruttet.com\/?p=4848","title":{"rendered":"Snart \u00e4r jag redo &#8211; Snart \u00e4r jag d\u00e4r."},"content":{"rendered":"<p>M\u00e5ndag.<br \/>\nEn ny arbetsvecka har tagit sin b\u00f6rjan. F\u00f6r endel har dagen inneburit en start p\u00e5 sportlovet, medan andra f\u00e5r inv\u00e4nta n\u00e4sta vecka innan detta lov.<\/p>\n<p>H\u00e4r har det nog inte skett n\u00e5got ut\u00f6ver det vanliga. S\u00e4ngen har blivit b\u00e4ddad, diskmaskinen har fyllts och en maskin tv\u00e4tt ska fyllas. Sp\u00e4nnande liv jag har! \ud83d\ude09<br \/>\nMen hush\u00e5llssysslorna ska ocks\u00e5 g\u00f6ras, mat ska planeras och lagas.<\/p>\n<p>Nog v\u00e4njer man sig ganska snabbt vid att vara hemma och dagarna g\u00e5r i rasande fart trots det. Men visst blir det l\u00e5ngtr\u00e5kigt ibland. Och irritationen \u00f6ver att fortfarande vara ganska begr\u00e4nsad \u00e4r tidvis ganska stor. Jag f\u00f6rs\u00f6ker dock t\u00e4nka fram\u00e5t, vara positiv och fokusera p\u00e5 att det s\u00e4kerligen kommer att vara l\u00e4ttare och mindre sm\u00e4rtsamt att r\u00f6ra mig under den kommande sommaren. J\u00e4mf\u00f6rt med det skick som f\u00f6tterna var i <a href=\"http:\/\/www.skruttet.com\/?p=3642\" target=\"_blank\">f\u00f6rra sommaren<\/a>.<\/p>\n<p>Det gamla inl\u00e4gget f\u00e5r mig att minnas. H\u00f6ger foten h\u00e4ngde bara med. Jag hade ingen styrsel p\u00e5 den alls!! Sm\u00e4rtan var h\u00f6g och samtidigt som jag v\u00e5ndades \u00f6ver att ha \u00e4nnu en \u00e5tg\u00e4rd framf\u00f6r mig s\u00e5 fanns en innerlig l\u00e4ngtan efter \u00a0den dag d\u00e5 det skulle ske. Ja, jisses!!<\/p>\n<p>Och h\u00e4r sitter jag nu drygt 7 m\u00e5nader senare med arslet i stolen p\u00e5 hjul och kan helt klart konstatera att allt ser v\u00e4ldigt ljust ut. Jag minns att jag mellan operationerna skrev att kroppen sidor k\u00e4ndes omaka. Som tv\u00e5 pusselbitar som inte passar ihop.<\/p>\n<p><img loading=\"lazy\" class=\"alignright size-medium wp-image-4851\" alt=\"pusselbit0000\" src=\"http:\/\/www.skruttet.com\/blog\/wp-content\/uploads\/2013\/02\/pusselbit0000-300x135.jpg\" width=\"300\" height=\"135\" srcset=\"https:\/\/blog.skruttet.com\/wp-content\/uploads\/2013\/02\/pusselbit0000-300x135.jpg 300w, https:\/\/blog.skruttet.com\/wp-content\/uploads\/2013\/02\/pusselbit0000.jpg 500w\" sizes=\"(max-width: 300px) 100vw, 300px\" \/><\/p>\n<p>Nu passar de tv\u00e5 bitarna. Nu har de v\u00e4xt i hop, allt ligger d\u00e4r det ska och i st\u00e4llet f\u00f6r att n\u00e4stan all tyngd ligger p\u00e5 mina v\u00e4nner kryckorna (s\u00e5 som f\u00f6rr). \u00a0Nu g\u00e4ller det bara f\u00f6r hj\u00e4rnan att den ska fatta. Att det \u00e4r huvudet som nu automatiskt \u00f6ver benen styr. \u00a0Att mina v\u00e4nner kryckorna bara ska finnas som st\u00f6d. Snart \u00e4r jag redo k\u00e4nner jag. Snart \u00e4r jag d\u00e4r.<br \/>\nSnart \u00e4r det dags f\u00f6r tr\u00e4ningen att byta karakt\u00e4r.<\/p>\n<p>Ja, jag s\u00e4ger bara det! Vilken resa! L\u00e5t oss innerligt hoppas att den inte beh\u00f6ver g\u00f6ras igen.<br \/>\nVi forts\u00e4tter fram\u00e5t&#8230;.<\/p>\n<p>\u00c4nglakramar!!<\/p>\n","protected":false},"excerpt":{"rendered":"<p>M\u00e5ndag. En ny arbetsvecka har tagit sin b\u00f6rjan. F\u00f6r endel har dagen inneburit en start p\u00e5 sportlovet, medan andra f\u00e5r inv\u00e4nta n\u00e4sta vecka innan detta lov. H\u00e4r har det nog inte skett n\u00e5got ut\u00f6ver det vanliga. S\u00e4ngen har blivit b\u00e4ddad, &hellip; <a href=\"https:\/\/blog.skruttet.com\/?p=4848\">Forts\u00e4tt l\u00e4sa <span class=\"meta-nav\">&rarr;<\/span><\/a><\/p>\n","protected":false},"author":1,"featured_media":0,"comment_status":"open","ping_status":"open","sticky":false,"template":"","format":"standard","meta":[],"categories":[7,10,16],"tags":[],"_links":{"self":[{"href":"https:\/\/blog.skruttet.com\/index.php?rest_route=\/wp\/v2\/posts\/4848"}],"collection":[{"href":"https:\/\/blog.skruttet.com\/index.php?rest_route=\/wp\/v2\/posts"}],"about":[{"href":"https:\/\/blog.skruttet.com\/index.php?rest_route=\/wp\/v2\/types\/post"}],"author":[{"embeddable":true,"href":"https:\/\/blog.skruttet.com\/index.php?rest_route=\/wp\/v2\/users\/1"}],"replies":[{"embeddable":true,"href":"https:\/\/blog.skruttet.com\/index.php?rest_route=%2Fwp%2Fv2%2Fcomments&post=4848"}],"version-history":[{"count":4,"href":"https:\/\/blog.skruttet.com\/index.php?rest_route=\/wp\/v2\/posts\/4848\/revisions"}],"predecessor-version":[{"id":4850,"href":"https:\/\/blog.skruttet.com\/index.php?rest_route=\/wp\/v2\/posts\/4848\/revisions\/4850"}],"wp:attachment":[{"href":"https:\/\/blog.skruttet.com\/index.php?rest_route=%2Fwp%2Fv2%2Fmedia&parent=4848"}],"wp:term":[{"taxonomy":"category","embeddable":true,"href":"https:\/\/blog.skruttet.com\/index.php?rest_route=%2Fwp%2Fv2%2Fcategories&post=4848"},{"taxonomy":"post_tag","embeddable":true,"href":"https:\/\/blog.skruttet.com\/index.php?rest_route=%2Fwp%2Fv2%2Ftags&post=4848"}],"curies":[{"name":"wp","href":"https:\/\/api.w.org\/{rel}","templated":true}]}}