{"id":4867,"date":"2013-02-25T21:41:21","date_gmt":"2013-02-25T19:41:21","guid":{"rendered":"http:\/\/www.skruttet.com\/?p=4867"},"modified":"2013-02-25T21:49:56","modified_gmt":"2013-02-25T19:49:56","slug":"tid-att-saga-adjo","status":"publish","type":"post","link":"https:\/\/blog.skruttet.com\/?p=4867","title":{"rendered":"Snart tid att s\u00e4ga adj\u00f6!"},"content":{"rendered":"<p>En underbart vacker dag har det varit i dag!<br \/>\nSolen har visat sig och m\u00e4tarens ute temperatur har visat flera grader p\u00e5 plus. Prognosen lovar fortsatt fint n\u00e5gra dagar till.<\/p>\n<p>Jag nj\u00f6t i fulla drag av den friska luften som silade in genom det \u00f6ppna k\u00f6ksf\u00f6nstret.<br \/>\nSolen v\u00e4rmde min kind, jag smuttade p\u00e5 en mugg nybryggt och ljudet av takdropp fick mig att k\u00e4nna mig tillfreds. Solens str\u00e5lar spred sig och v\u00e4rmde mina stela f\u00f6tter.<\/p>\n<p>Musklerna s\u00f6g \u00e5t sig v\u00e4rmen som en svamp och jag vickade sakta p\u00e5 b\u00e5da f\u00f6tter. F\u00f6rst b\u00e5da samtidigt. Sedan en i s\u00e4nder. Just det; att vicka p\u00e5 och r\u00f6ra p\u00e5 f\u00f6tterna har blivit n\u00e5got av en sport f\u00f6r mig. Speciellt det att kunna vicka p\u00e5 en fot i taget.<\/p>\n<p>Under n\u00e5gra dagar har jag k\u00e4nt en begynnande sm\u00e4rta ligga och pyra. Fr\u00e5n h\u00f6ften l\u00e4ngs med l\u00e5ret ner till kn\u00e4. Motvilligt har v\u00e4rktabletterna f\u00e5tt h\u00e5lla mig s\u00e4llskap och k\u00e4nslan har varit densamma som n\u00e4r n\u00e5got ligger i kl\u00e4m. Att hitta en bekv\u00e4m sittst\u00e4llning har varit n\u00e4stintill om\u00f6jligt. Att g\u00e5 har varit en \u00a0d\u00e4remot varit en befrielse.<br \/>\nI dag k\u00e4nns det mycket b\u00e4ttre.<\/p>\n<p>Kanske kroppen b\u00f6rjar tycka att det \u00e4r dags att l\u00e4mna stolen?<br \/>\nJa, det skulle ju inte vara en dag f\u00f6r tidigt om ni fr\u00e5gar mig.<\/p>\n<p>I vilket fall som helst b\u00f6rjar det nog \u00e5tminstone n\u00e4rma sig tid att ta farv\u00e4l av L\u00e5ne-\u00c5ke snart. Han har nog varit min f\u00f6ljeslagare l\u00e4nge nog nu. Under n\u00e4stan 1,5 \u00e5rs tid har han burit mig genom sand, grus och sn\u00f6.<\/p>\n<p>Han \u00e5ker p\u00e5 service innan nya \u00e4ventyr tar vid. M\u00e5h\u00e4nda han f\u00e5r hj\u00e4lpa en ung och vacker m\u00f6? Vad vet jag??\u00a0Jag tackar honom snart f\u00f6r att han har hj\u00e4lp mig och vinkar glatt&#8230;<br \/>\nAdj\u00f6!! \ud83d\ude42<\/p>\n<p>\u00c4nglakramar!<\/p>\n<p style=\"text-align: center;\"><a href=\"http:\/\/www.youtube.com\/watch?v=vl6h7UWo1_Q\" target=\"_blank\">Sarah Brightman &#8211; Time to say goodbye<\/a><\/p>\n","protected":false},"excerpt":{"rendered":"<p>En underbart vacker dag har det varit i dag! Solen har visat sig och m\u00e4tarens ute temperatur har visat flera grader p\u00e5 plus. Prognosen lovar fortsatt fint n\u00e5gra dagar till. Jag nj\u00f6t i fulla drag av den friska luften som &hellip; <a href=\"https:\/\/blog.skruttet.com\/?p=4867\">Forts\u00e4tt l\u00e4sa <span class=\"meta-nav\">&rarr;<\/span><\/a><\/p>\n","protected":false},"author":1,"featured_media":0,"comment_status":"open","ping_status":"open","sticky":false,"template":"","format":"standard","meta":[],"categories":[7,8,16],"tags":[],"_links":{"self":[{"href":"https:\/\/blog.skruttet.com\/index.php?rest_route=\/wp\/v2\/posts\/4867"}],"collection":[{"href":"https:\/\/blog.skruttet.com\/index.php?rest_route=\/wp\/v2\/posts"}],"about":[{"href":"https:\/\/blog.skruttet.com\/index.php?rest_route=\/wp\/v2\/types\/post"}],"author":[{"embeddable":true,"href":"https:\/\/blog.skruttet.com\/index.php?rest_route=\/wp\/v2\/users\/1"}],"replies":[{"embeddable":true,"href":"https:\/\/blog.skruttet.com\/index.php?rest_route=%2Fwp%2Fv2%2Fcomments&post=4867"}],"version-history":[{"count":5,"href":"https:\/\/blog.skruttet.com\/index.php?rest_route=\/wp\/v2\/posts\/4867\/revisions"}],"predecessor-version":[{"id":4871,"href":"https:\/\/blog.skruttet.com\/index.php?rest_route=\/wp\/v2\/posts\/4867\/revisions\/4871"}],"wp:attachment":[{"href":"https:\/\/blog.skruttet.com\/index.php?rest_route=%2Fwp%2Fv2%2Fmedia&parent=4867"}],"wp:term":[{"taxonomy":"category","embeddable":true,"href":"https:\/\/blog.skruttet.com\/index.php?rest_route=%2Fwp%2Fv2%2Fcategories&post=4867"},{"taxonomy":"post_tag","embeddable":true,"href":"https:\/\/blog.skruttet.com\/index.php?rest_route=%2Fwp%2Fv2%2Ftags&post=4867"}],"curies":[{"name":"wp","href":"https:\/\/api.w.org\/{rel}","templated":true}]}}