{"id":4879,"date":"2013-02-28T18:00:12","date_gmt":"2013-02-28T16:00:12","guid":{"rendered":"http:\/\/www.skruttet.com\/?p=4879"},"modified":"2013-02-28T18:01:20","modified_gmt":"2013-02-28T16:01:20","slug":"ett-sting-av-hat","status":"publish","type":"post","link":"https:\/\/blog.skruttet.com\/?p=4879","title":{"rendered":"Ett sting av hat&#8230;"},"content":{"rendered":"<p>Fint men bl\u00e5sigt i dag.<\/p>\n<p>Sitter ner och l\u00e5ter kroppen vila efter veckans ledda tr\u00e4ningspass med den behandlande \u00c4ngeln. I dag orkade jag riktigt bra, musklerna k\u00e4ndes f\u00f6ljsamma och motionen p\u00e5 Steppern gav en behaglig puls\u00f6kning. Jag k\u00e4nner mig tillfreds, duktig och stolt.<\/p>\n<p>Jag brukar inte vara den som tycker synd om mig sj\u00e4lv. Men efter den senaste operationen har det funnits g\u00e5nger n\u00e4r frustrationen har varit s\u00e5 stor \u00f6ver att vara begr\u00e4nsad i r\u00f6rlighet att &#8221;tycka synd om mig sj\u00e4lv&#8221;fenomenet ofta varit n\u00e4ra. Eller snarare faktiskt g\u00e4stat mig. Det sistn\u00e4mnda inser jag nu i skrivande stund.<\/p>\n<p>Och jag har k\u00e4nt mig som den mest or\u00f6rliga m\u00e4nniskan i hela v\u00e4rlden! En m\u00e4nniska som inte kan just n\u00e5got alls p\u00e5 egen hand. Men det \u00e4r ju inte sant. Man kan g\u00f6ra mycket fr\u00e5n en stol p\u00e5 hjul. N\u00e4stan allt faktiskt. Det handlar om teknik. Och fungerande l\u00f6sningar.<br \/>\nOch inte minst om acceptans:<\/p>\n<p>Nu befinner jag mig i den h\u00e4r situationen och det \u00e4r bara att gilla l\u00e4get.<br \/>\nDet finns ju inget alternativ.<\/p>\n<p>Men jag gillar inte det faktum att \u00e5terh\u00e4mtningen tar s\u00e5n tid. Kroppen beh\u00f6ver l\u00e4ngre och l\u00e4ngre tid f\u00f6r varje g\u00e5ng. F\u00f6rr kunde jag sucka om n\u00e5gra veckors sjukledighet. Nu k\u00e4nns n\u00e5gra veckor av n\u00e4mnda ledighet som en ynklig liten fis, n\u00e5got som g\u00e5r n\u00e4st intill obem\u00e4rkt f\u00f6rbi. Det beror ju p\u00e5 vad man har att relatera till.<\/p>\n<p>Ilska \u00f6ver att jag inte f\u00e5tt dessa fotoperationer gjorda f\u00f6rr v\u00e4ller upp. Jag n\u00e4stintill hatar.<br \/>\nHatar f\u00f6r att man inte sett. Hatar f\u00f6r att man inte tidigare f\u00f6rst\u00e5tt. Jag k\u00e4nner mig snuvad p\u00e5 livskvalite. P\u00e5 r\u00f6rlighet och g\u00f6mda f\u00f6rm\u00e5gor.<\/p>\n<p>En vacker dag kanske jag f\u00e5r veta. En vacker dag kanske n\u00e5gon kan ge n\u00e5got svar.<br \/>\nMen tills dess ska jag fokusera p\u00e5 allt det nya fina \u00c4nglaprofessorerna gav.<\/p>\n<p>\u00c4nglakramar!!<\/p>\n","protected":false},"excerpt":{"rendered":"<p>Fint men bl\u00e5sigt i dag. Sitter ner och l\u00e5ter kroppen vila efter veckans ledda tr\u00e4ningspass med den behandlande \u00c4ngeln. I dag orkade jag riktigt bra, musklerna k\u00e4ndes f\u00f6ljsamma och motionen p\u00e5 Steppern gav en behaglig puls\u00f6kning. Jag k\u00e4nner mig tillfreds, &hellip; <a href=\"https:\/\/blog.skruttet.com\/?p=4879\">Forts\u00e4tt l\u00e4sa <span class=\"meta-nav\">&rarr;<\/span><\/a><\/p>\n","protected":false},"author":1,"featured_media":0,"comment_status":"open","ping_status":"open","sticky":false,"template":"","format":"standard","meta":[],"categories":[7,13,14],"tags":[],"_links":{"self":[{"href":"https:\/\/blog.skruttet.com\/index.php?rest_route=\/wp\/v2\/posts\/4879"}],"collection":[{"href":"https:\/\/blog.skruttet.com\/index.php?rest_route=\/wp\/v2\/posts"}],"about":[{"href":"https:\/\/blog.skruttet.com\/index.php?rest_route=\/wp\/v2\/types\/post"}],"author":[{"embeddable":true,"href":"https:\/\/blog.skruttet.com\/index.php?rest_route=\/wp\/v2\/users\/1"}],"replies":[{"embeddable":true,"href":"https:\/\/blog.skruttet.com\/index.php?rest_route=%2Fwp%2Fv2%2Fcomments&post=4879"}],"version-history":[{"count":2,"href":"https:\/\/blog.skruttet.com\/index.php?rest_route=\/wp\/v2\/posts\/4879\/revisions"}],"predecessor-version":[{"id":4881,"href":"https:\/\/blog.skruttet.com\/index.php?rest_route=\/wp\/v2\/posts\/4879\/revisions\/4881"}],"wp:attachment":[{"href":"https:\/\/blog.skruttet.com\/index.php?rest_route=%2Fwp%2Fv2%2Fmedia&parent=4879"}],"wp:term":[{"taxonomy":"category","embeddable":true,"href":"https:\/\/blog.skruttet.com\/index.php?rest_route=%2Fwp%2Fv2%2Fcategories&post=4879"},{"taxonomy":"post_tag","embeddable":true,"href":"https:\/\/blog.skruttet.com\/index.php?rest_route=%2Fwp%2Fv2%2Ftags&post=4879"}],"curies":[{"name":"wp","href":"https:\/\/api.w.org\/{rel}","templated":true}]}}