{"id":4910,"date":"2013-03-08T09:45:52","date_gmt":"2013-03-08T07:45:52","guid":{"rendered":"http:\/\/www.skruttet.com\/?p=4910"},"modified":"2013-03-08T16:14:18","modified_gmt":"2013-03-08T14:14:18","slug":"det-kandes-sa-definitivt","status":"publish","type":"post","link":"https:\/\/blog.skruttet.com\/?p=4910","title":{"rendered":"Det k\u00e4nns s\u00e5 definitivt."},"content":{"rendered":"<p style=\"text-align: left;\">Fredag.<br \/>\nSolen ger i fr\u00e5n sig ett bl\u00e4ndande ljus. Ett v\u00e4ldoftande ljus brinner vid min sida.<br \/>\nN\u00e5gon dag har nu f\u00f6rflutit sedan vi fick f\u00f6rhandsbeskedet. Det som k\u00e4ndes s\u00e5 definitivt.<\/p>\n<p>Nu hade v\u00e5ra adoptionshandlingar granskats i utlandet.<br \/>\nOch beskedet som kom var att det inte tros vara m\u00f6jligt f\u00f6r oss att bli godk\u00e4nda\u00a0pga. min funktionsneds\u00e4ttning. I m\u00e5nga l\u00e4nder r\u00e5der ett helt annat syns\u00e4tt n\u00e4r det g\u00e4ller handikapp. S\u00e5 \u00e4r det bara. Tyv\u00e4rr. \u00a0Och det kan ingen g\u00f6ra n\u00e5got \u00e5t.<\/p>\n<p>D\u00e4rmed hittas inget l\u00e4mpligt kontaktland f\u00f6r oss och v\u00e5r process kommer inom kort att avslutas internationellt.<\/p>\n<p>Man har, p\u00e5 alla s\u00e4tt, bem\u00f6tt oss oerh\u00f6rt fint \u00a0&#8211; \u00a0genom hela processen. Tacksamheten \u00e4r enormt stor \u00f6ver att vi faktiskt har f\u00e5tt en \u00e4rlig chans \u00e4ven i utlandet. Och jag \u00e4r glad \u00f6ver att vi fick ett snabbt svar utan \u00e5ratal av v\u00e4ntan!<\/p>\n<p>Nu k\u00e4nns det tomt, oerh\u00f6rt tomt! Som om man tappat n\u00e5got som man aldrig haft.<br \/>\nDet g\u00f6r ont och vi gr\u00e5ter.\u00a0Men vi \u00e4r glada \u00f6ver att vi v\u00e5gade f\u00f6rs\u00f6ka!!<\/p>\n<p>Nu tar vi en paus. L\u00e5ter allt l\u00e4gga sig. Tid f\u00f6r att landa.<br \/>\nOch forts\u00e4tter sedan blicka fram\u00e5t.<br \/>\nI hopp om att en liten \u00e4ngel n\u00e5gon g\u00e5ng hittar v\u00e5rt hem,\u00a0\u00c4nglakramar!!<\/p>\n<p style=\"text-align: center;\"><a href=\"http:\/\/www.youtube.com\/watch?v=TdN5GyTl8K0\">Jason Mraz &#8211; I Won&#8217;t Give Up<\/a><\/p>\n","protected":false},"excerpt":{"rendered":"<p>Fredag. Solen ger i fr\u00e5n sig ett bl\u00e4ndande ljus. Ett v\u00e4ldoftande ljus brinner vid min sida. N\u00e5gon dag har nu f\u00f6rflutit sedan vi fick f\u00f6rhandsbeskedet. Det som k\u00e4ndes s\u00e5 definitivt. Nu hade v\u00e5ra adoptionshandlingar granskats i utlandet. Och beskedet som &hellip; <a href=\"https:\/\/blog.skruttet.com\/?p=4910\">Forts\u00e4tt l\u00e4sa <span class=\"meta-nav\">&rarr;<\/span><\/a><\/p>\n","protected":false},"author":1,"featured_media":0,"comment_status":"open","ping_status":"open","sticky":false,"template":"","format":"standard","meta":[],"categories":[3,8,14],"tags":[],"_links":{"self":[{"href":"https:\/\/blog.skruttet.com\/index.php?rest_route=\/wp\/v2\/posts\/4910"}],"collection":[{"href":"https:\/\/blog.skruttet.com\/index.php?rest_route=\/wp\/v2\/posts"}],"about":[{"href":"https:\/\/blog.skruttet.com\/index.php?rest_route=\/wp\/v2\/types\/post"}],"author":[{"embeddable":true,"href":"https:\/\/blog.skruttet.com\/index.php?rest_route=\/wp\/v2\/users\/1"}],"replies":[{"embeddable":true,"href":"https:\/\/blog.skruttet.com\/index.php?rest_route=%2Fwp%2Fv2%2Fcomments&post=4910"}],"version-history":[{"count":10,"href":"https:\/\/blog.skruttet.com\/index.php?rest_route=\/wp\/v2\/posts\/4910\/revisions"}],"predecessor-version":[{"id":4913,"href":"https:\/\/blog.skruttet.com\/index.php?rest_route=\/wp\/v2\/posts\/4910\/revisions\/4913"}],"wp:attachment":[{"href":"https:\/\/blog.skruttet.com\/index.php?rest_route=%2Fwp%2Fv2%2Fmedia&parent=4910"}],"wp:term":[{"taxonomy":"category","embeddable":true,"href":"https:\/\/blog.skruttet.com\/index.php?rest_route=%2Fwp%2Fv2%2Fcategories&post=4910"},{"taxonomy":"post_tag","embeddable":true,"href":"https:\/\/blog.skruttet.com\/index.php?rest_route=%2Fwp%2Fv2%2Ftags&post=4910"}],"curies":[{"name":"wp","href":"https:\/\/api.w.org\/{rel}","templated":true}]}}