{"id":4927,"date":"2013-03-13T12:24:41","date_gmt":"2013-03-13T10:24:41","guid":{"rendered":"http:\/\/www.skruttet.com\/?p=4927"},"modified":"2013-03-13T12:37:03","modified_gmt":"2013-03-13T10:37:03","slug":"inne-i-bobbornas-dimma","status":"publish","type":"post","link":"https:\/\/blog.skruttet.com\/?p=4927","title":{"rendered":"Inne i bobbornas dimma&#8230;"},"content":{"rendered":"<p>Hej och h\u00e5!<br \/>\nVi har hunnit till veckans mitt och en bit in i mars redan.<br \/>\nSolen kastar sina str\u00e5lar \u00f6ver sn\u00f6n och l\u00e4gger ett skimmer \u00f6ver sn\u00f6skaren, fantastiskt vackert \u00e4r det! Jag njuter av vetskapen att om en m\u00e5nad s\u00e5 \u00e4r nog st\u00f6rre delen av sn\u00f6n borta och barmark syns. H\u00e5ll ut k\u00e4ra l\u00e4sare &#8211; v\u00e5ren kommer.<\/p>\n<p><a href=\"http:\/\/www.skruttet.com\/?attachment_id=4928\" rel=\"attachment wp-att-4928\"><img loading=\"lazy\" class=\"alignright size-medium wp-image-4928\" alt=\"n\u00e4sduk\" src=\"http:\/\/www.skruttet.com\/blog\/wp-content\/uploads\/2013\/03\/n\u00e4sduk-300x199.jpg\" width=\"300\" height=\"199\" srcset=\"https:\/\/blog.skruttet.com\/wp-content\/uploads\/2013\/03\/n\u00e4sduk-300x199.jpg 300w, https:\/\/blog.skruttet.com\/wp-content\/uploads\/2013\/03\/n\u00e4sduk.jpg 655w\" sizes=\"(max-width: 300px) 100vw, 300px\" \/><\/a>F\u00f6rkylningsk\u00e4nslan kom p\u00e5 bes\u00f6k f\u00f6r n\u00e5gon dag sedan. Jag f\u00f6rs\u00f6kte hindra bacillerna fr\u00e5n att f\u00e5 f\u00e4ste men nu \u00e4r det nog bara att inse att bobborna har invaderat min kropp. Och med tanke p\u00e5 den enorma tr\u00f6tthetsk\u00e4nsla som r\u00e5der s\u00e5 tycks de \u00a0finna en v\u00e4ldig gl\u00e4dje i att leka tafatt med varandra. Trevligt om det rorar n\u00e5gon. Men definitivt inte mig! S\u00e5 ber \u00e5 de best\u00e4mdaste: Vik h\u00e4dan, tack!<\/p>\n<p>Det fanns ett lett tr\u00e4ningspass tillsammans med den behandlande \u00c4ngeln inbokat i morgon. Det fick jag sn\u00e4llt avboka och ge kroppen vila. Och kanske det \u00e4r bra med lite vila nu efter <a href=\"http:\/\/www.skruttet.com\/?p=4910\" target=\"_blank\">beskedet<\/a> vi fick f\u00f6rra veckan. Adoptionsprocessen har varit en betydande motivationsk\u00e4lla efter de b\u00e5da fotoperationerna. Den fick mig att orka fast det gjorde ont. Orka k\u00e4mpa! Orka fram\u00e5t!\u00a0Nu beh\u00f6ver jag andra k\u00e4llor f\u00f6r att orka. Och jag vet att jag kommer att finna dem. Men jag har slutat leta efter dem.<\/p>\n<p>Ibland \u00e4r det just det som beh\u00f6vs i livet. Att man stannar upp. V\u00e4ntar. Reflekterar.<br \/>\nOch slutar leta.\u00a0D\u00e5 finner man ofta det man s\u00f6ker.<\/p>\n<p>Nu \u00e4r det dags att f\u00f6rs\u00f6ka finna matlusten och laga lite l\u00e4ttlunch.<br \/>\nHa en fin onsdag,<br \/>\n\u00c4nglakramar!!<\/p>\n","protected":false},"excerpt":{"rendered":"<p>Hej och h\u00e5! Vi har hunnit till veckans mitt och en bit in i mars redan. Solen kastar sina str\u00e5lar \u00f6ver sn\u00f6n och l\u00e4gger ett skimmer \u00f6ver sn\u00f6skaren, fantastiskt vackert \u00e4r det! Jag njuter av vetskapen att om en m\u00e5nad &hellip; <a href=\"https:\/\/blog.skruttet.com\/?p=4927\">Forts\u00e4tt l\u00e4sa <span class=\"meta-nav\">&rarr;<\/span><\/a><\/p>\n","protected":false},"author":1,"featured_media":0,"comment_status":"open","ping_status":"open","sticky":false,"template":"","format":"standard","meta":[],"categories":[16],"tags":[],"_links":{"self":[{"href":"https:\/\/blog.skruttet.com\/index.php?rest_route=\/wp\/v2\/posts\/4927"}],"collection":[{"href":"https:\/\/blog.skruttet.com\/index.php?rest_route=\/wp\/v2\/posts"}],"about":[{"href":"https:\/\/blog.skruttet.com\/index.php?rest_route=\/wp\/v2\/types\/post"}],"author":[{"embeddable":true,"href":"https:\/\/blog.skruttet.com\/index.php?rest_route=\/wp\/v2\/users\/1"}],"replies":[{"embeddable":true,"href":"https:\/\/blog.skruttet.com\/index.php?rest_route=%2Fwp%2Fv2%2Fcomments&post=4927"}],"version-history":[{"count":8,"href":"https:\/\/blog.skruttet.com\/index.php?rest_route=\/wp\/v2\/posts\/4927\/revisions"}],"predecessor-version":[{"id":4936,"href":"https:\/\/blog.skruttet.com\/index.php?rest_route=\/wp\/v2\/posts\/4927\/revisions\/4936"}],"wp:attachment":[{"href":"https:\/\/blog.skruttet.com\/index.php?rest_route=%2Fwp%2Fv2%2Fmedia&parent=4927"}],"wp:term":[{"taxonomy":"category","embeddable":true,"href":"https:\/\/blog.skruttet.com\/index.php?rest_route=%2Fwp%2Fv2%2Fcategories&post=4927"},{"taxonomy":"post_tag","embeddable":true,"href":"https:\/\/blog.skruttet.com\/index.php?rest_route=%2Fwp%2Fv2%2Ftags&post=4927"}],"curies":[{"name":"wp","href":"https:\/\/api.w.org\/{rel}","templated":true}]}}