{"id":4948,"date":"2013-03-21T11:00:31","date_gmt":"2013-03-21T09:00:31","guid":{"rendered":"http:\/\/www.skruttet.com\/?p=4948"},"modified":"2013-03-21T18:35:38","modified_gmt":"2013-03-21T16:35:38","slug":"med-skrackblandad-fortjusning","status":"publish","type":"post","link":"https:\/\/blog.skruttet.com\/?p=4948","title":{"rendered":"Med skr\u00e4ckblandad f\u00f6rtjusning"},"content":{"rendered":"<p>En ny dag har tagit sin b\u00f6rjan.\u00a0Morgonsolen v\u00e4rmer sk\u00f6nt min kind.<br \/>\nEtt chokladdoftande ljus brinner p\u00e5 en hylla bredvid mig och fr\u00e5n hj\u00e4lpk\u00f6ket h\u00f6rs tv\u00e4ttmaskinens dova surr.<\/p>\n<p>Tr\u00e4ning f\u00f6r finheterna har jag redan hunnit med. I\u00a0st\u00e4llet f\u00f6r att sitta\u00a0f\u00f6rs\u00f6ker jag st\u00e5 s\u00e5 mycket som m\u00f6jligt \u00a0n\u00e4r vardagliga saker ska g\u00f6ras. F\u00e5nigt lite kan kanske tyckas. Men det \u00e4r ett bra s\u00e4tt att tr\u00e4na uth\u00e5lligheten p\u00e5. \u00a0Under morgonen har irritationen dock hunnit visa sig \u00e4n en g\u00e5ng. \u00a0Nu \u00e4r det SEGT och det tycks n\u00e4stintill om\u00f6jligt att avancera. Det f\u00e5r modet att svaja.<\/p>\n<p>Hur l\u00e4nge har \u00a0rehabiliteringen Skruttets tr\u00e4ningsl\u00e4ger egentligen sysselsatt mig?<br \/>\nSvaret \u00e4r totalt snart 1 \u00e5r och 5 m\u00e5nader. Tiden har k\u00e4nts som en evighet!<br \/>\nMen i dag \u00e4r det s\u00e5 dags att tr\u00e4ffa den behandlande \u00c4ngeln p\u00e5 annat st\u00e4lle \u00e4n hemma. Senast det skedde var v\u00e4l strax innan sommaren 2012.<\/p>\n<p>Inom mig finns en skr\u00e4ckblandad f\u00f6rtjusning. Skr\u00e4cken ligger i att det ing\u00e5r ganska m\u00e5nga nya moment\/belastning\/r\u00f6relser f\u00f6r den finhet som skapades nu senast. F\u00f6rtjusningen i att \u00e4ntligen ha ett stort delm\u00e5l inom r\u00e4ckh\u00e5ll.<\/p>\n<p>Rehabiliteringen beh\u00f6ver testet. Jag beh\u00f6ver utmaningen!<br \/>\nL\u00e4ngtan \u00e4r stor efter Yes! I did it &#8211; kicken. Det k\u00e4nns bra. \ud83d\ude00<\/p>\n<p>\u00c5terkommer!<\/p>\n","protected":false},"excerpt":{"rendered":"<p>En ny dag har tagit sin b\u00f6rjan.\u00a0Morgonsolen v\u00e4rmer sk\u00f6nt min kind. Ett chokladdoftande ljus brinner p\u00e5 en hylla bredvid mig och fr\u00e5n hj\u00e4lpk\u00f6ket h\u00f6rs tv\u00e4ttmaskinens dova surr. Tr\u00e4ning f\u00f6r finheterna har jag redan hunnit med. I\u00a0st\u00e4llet f\u00f6r att sitta\u00a0f\u00f6rs\u00f6ker jag &hellip; <a href=\"https:\/\/blog.skruttet.com\/?p=4948\">Forts\u00e4tt l\u00e4sa <span class=\"meta-nav\">&rarr;<\/span><\/a><\/p>\n","protected":false},"author":1,"featured_media":0,"comment_status":"open","ping_status":"open","sticky":false,"template":"","format":"standard","meta":[],"categories":[7,16],"tags":[],"_links":{"self":[{"href":"https:\/\/blog.skruttet.com\/index.php?rest_route=\/wp\/v2\/posts\/4948"}],"collection":[{"href":"https:\/\/blog.skruttet.com\/index.php?rest_route=\/wp\/v2\/posts"}],"about":[{"href":"https:\/\/blog.skruttet.com\/index.php?rest_route=\/wp\/v2\/types\/post"}],"author":[{"embeddable":true,"href":"https:\/\/blog.skruttet.com\/index.php?rest_route=\/wp\/v2\/users\/1"}],"replies":[{"embeddable":true,"href":"https:\/\/blog.skruttet.com\/index.php?rest_route=%2Fwp%2Fv2%2Fcomments&post=4948"}],"version-history":[{"count":5,"href":"https:\/\/blog.skruttet.com\/index.php?rest_route=\/wp\/v2\/posts\/4948\/revisions"}],"predecessor-version":[{"id":4952,"href":"https:\/\/blog.skruttet.com\/index.php?rest_route=\/wp\/v2\/posts\/4948\/revisions\/4952"}],"wp:attachment":[{"href":"https:\/\/blog.skruttet.com\/index.php?rest_route=%2Fwp%2Fv2%2Fmedia&parent=4948"}],"wp:term":[{"taxonomy":"category","embeddable":true,"href":"https:\/\/blog.skruttet.com\/index.php?rest_route=%2Fwp%2Fv2%2Fcategories&post=4948"},{"taxonomy":"post_tag","embeddable":true,"href":"https:\/\/blog.skruttet.com\/index.php?rest_route=%2Fwp%2Fv2%2Ftags&post=4948"}],"curies":[{"name":"wp","href":"https:\/\/api.w.org\/{rel}","templated":true}]}}