{"id":4954,"date":"2013-03-21T19:40:55","date_gmt":"2013-03-21T17:40:55","guid":{"rendered":"http:\/\/www.skruttet.com\/?p=4954"},"modified":"2013-03-21T19:45:39","modified_gmt":"2013-03-21T17:45:39","slug":"han-har-akt-till-depan","status":"publish","type":"post","link":"https:\/\/blog.skruttet.com\/?p=4954","title":{"rendered":"Han har \u00e5kt till dep\u00e5n&#8230;"},"content":{"rendered":"<p><a href=\"http:\/\/www.skruttet.com\/?attachment_id=4955\" rel=\"attachment wp-att-4955\"><img loading=\"lazy\" class=\"aligncenter size-medium wp-image-4955\" alt=\"yes-I-did-it\" src=\"http:\/\/www.skruttet.com\/blog\/wp-content\/uploads\/2013\/03\/yes-I-did-it-300x150.jpg\" width=\"300\" height=\"150\" srcset=\"https:\/\/blog.skruttet.com\/wp-content\/uploads\/2013\/03\/yes-I-did-it-300x150.jpg 300w, https:\/\/blog.skruttet.com\/wp-content\/uploads\/2013\/03\/yes-I-did-it.jpg 600w\" sizes=\"(max-width: 300px) 100vw, 300px\" \/><\/a><\/p>\n<p>&nbsp;<\/p>\n<p>Ja! Jag fixade delm\u00e5let!<br \/>\nSom pricken \u00f6ver i:et skrivs orden jag l\u00e4nge v\u00e4ntat p\u00e5 att f\u00e5 s\u00e4ga om den l\u00e5nade f\u00f6ljeslagaren p\u00e5 hjul:<\/p>\n<p><em>L\u00e5ne-\u00c5ke<\/em><br \/>\n<em>F\u00f6rst hatades du som pesten,<\/em><br \/>\n<em>sen blev du en trogen v\u00e4n.<\/em><br \/>\n<em>Men nu var det dags f\u00f6r dig,<\/em><br \/>\n<em>att \u00e5ka hem till dep\u00e5n igen<\/em><\/p>\n<p><em>Och gudarna ska veta att;<\/em><br \/>\n<em>jag hoppas innerligt att vi aldrig n\u00e5gonsin ses igen.<\/em><\/p>\n<p><em>Tack f\u00f6r den h\u00e4r tiden!<\/em><\/p>\n<p>Nu \u00e4r tanken att g\u00e5ngen med min v\u00e4n kryckan bli st\u00f6rst.<br \/>\nMitt eget Lyx-\u00c5k finns f\u00f6r att avlasta kroppen ibland till f\u00f6rst.<br \/>\nF\u00e5r se hur det g\u00e5r.<\/p>\n<p>Jag \u00e4r tr\u00f6tt. Glad. Och mycket stolt!<br \/>\nDet h\u00e4r var precis vad jag beh\u00f6vde,<br \/>\n\u00c4nglakramar!<\/p>\n","protected":false},"excerpt":{"rendered":"<p>&nbsp; Ja! Jag fixade delm\u00e5let! Som pricken \u00f6ver i:et skrivs orden jag l\u00e4nge v\u00e4ntat p\u00e5 att f\u00e5 s\u00e4ga om den l\u00e5nade f\u00f6ljeslagaren p\u00e5 hjul: L\u00e5ne-\u00c5ke F\u00f6rst hatades du som pesten, sen blev du en trogen v\u00e4n. Men nu var det &hellip; <a href=\"https:\/\/blog.skruttet.com\/?p=4954\">Forts\u00e4tt l\u00e4sa <span class=\"meta-nav\">&rarr;<\/span><\/a><\/p>\n","protected":false},"author":1,"featured_media":0,"comment_status":"open","ping_status":"open","sticky":false,"template":"","format":"standard","meta":[],"categories":[7],"tags":[],"_links":{"self":[{"href":"https:\/\/blog.skruttet.com\/index.php?rest_route=\/wp\/v2\/posts\/4954"}],"collection":[{"href":"https:\/\/blog.skruttet.com\/index.php?rest_route=\/wp\/v2\/posts"}],"about":[{"href":"https:\/\/blog.skruttet.com\/index.php?rest_route=\/wp\/v2\/types\/post"}],"author":[{"embeddable":true,"href":"https:\/\/blog.skruttet.com\/index.php?rest_route=\/wp\/v2\/users\/1"}],"replies":[{"embeddable":true,"href":"https:\/\/blog.skruttet.com\/index.php?rest_route=%2Fwp%2Fv2%2Fcomments&post=4954"}],"version-history":[{"count":5,"href":"https:\/\/blog.skruttet.com\/index.php?rest_route=\/wp\/v2\/posts\/4954\/revisions"}],"predecessor-version":[{"id":4958,"href":"https:\/\/blog.skruttet.com\/index.php?rest_route=\/wp\/v2\/posts\/4954\/revisions\/4958"}],"wp:attachment":[{"href":"https:\/\/blog.skruttet.com\/index.php?rest_route=%2Fwp%2Fv2%2Fmedia&parent=4954"}],"wp:term":[{"taxonomy":"category","embeddable":true,"href":"https:\/\/blog.skruttet.com\/index.php?rest_route=%2Fwp%2Fv2%2Fcategories&post=4954"},{"taxonomy":"post_tag","embeddable":true,"href":"https:\/\/blog.skruttet.com\/index.php?rest_route=%2Fwp%2Fv2%2Ftags&post=4954"}],"curies":[{"name":"wp","href":"https:\/\/api.w.org\/{rel}","templated":true}]}}