{"id":4980,"date":"2013-04-15T09:26:32","date_gmt":"2013-04-15T06:26:32","guid":{"rendered":"http:\/\/www.skruttet.com\/?p=4980"},"modified":"2013-04-17T09:21:52","modified_gmt":"2013-04-17T06:21:52","slug":"slutresultatet-borjar-visa-sig","status":"publish","type":"post","link":"https:\/\/blog.skruttet.com\/?p=4980","title":{"rendered":"Slutresultatet b\u00f6rjar visa sig&#8230;"},"content":{"rendered":"<p>Ny vecka och nya m\u00f6jligheter!<br \/>\nFrukosten \u00e4r intagen f\u00f6r en tid sedan och en p\u00e5t\u00e5r av kaffet bryggs som b\u00e4st.<br \/>\nSaker av blandad kompott finns att g\u00f6ra under veckan. Trevliga s\u00e5dana i alla avseenden.<\/p>\n<p>Under de g\u00e5ngna dagarna har finheterna f\u00e5tt mycket tr\u00e4ning &#8211; jag har balanserat, k\u00e4nt hur det \u00e4r att g\u00e5 p\u00e5 oj\u00e4mnt underlag. Vi har testat niv\u00e5skillnader och trappor. Det sistn\u00e4mnda beh\u00f6ver tr\u00e4nas mer. Men i \u00f6vrigt b\u00f6rjar det g\u00e5 r\u00e4tt bra att g\u00e5 nu. Snabbt g\u00e5r v\u00e4l inte men finheterna b\u00e4r mig fram\u00e5t i alla fall. Med en g\u00e5ngstil som k\u00e4nns sk\u00f6n f\u00f6r mig. En stil som inte sliter p\u00e5 h\u00f6fter, kn\u00e4n eller leder.<\/p>\n<p>Vi brukar med j\u00e4mna mellanrum studera hur min g\u00e5ng utvecklas. F\u00f6r att f\u00f6rs\u00f6ka undvika att ett m\u00f6nster med alltf\u00f6r mycket felbelastningar skapas.<br \/>\n&lt;3-\u00c4ngeln skojade och sa h\u00e4r om dagen: Det b\u00f6rjar ta sig! Nu ser det ut som du g\u00e5r p\u00e5 Catwalken, som modestj\u00e4rnorna \ud83d\ude00<\/p>\n<p>Sk\u00f6nt att k\u00e4nna mig mer sj\u00e4lvst\u00e4ndig igen. Dessa operationer har gett massor och nu b\u00f6rjar slutresultaten anas. Snart kan jag sj\u00e4lv igen! \u00c4ntligen!<\/p>\n<p>T\u00e4nk att jag fick allt detta! Vilken grej! Vilken enorm personlig erfarenhet jag har f\u00e5tt!<br \/>\nErfarenheten \u00e4r till f\u00f6r att anv\u00e4ndas och l\u00e4ra sig av heter det ju.<br \/>\nI dag v\u00e4ntar en s\u00e5dan m\u00f6jlighet. Sp\u00e4nnande!<\/p>\n<p>Ha en fin m\u00e5ndag,<br \/>\n\u00c4nglakramar!!<\/p>\n","protected":false},"excerpt":{"rendered":"<p>Ny vecka och nya m\u00f6jligheter! Frukosten \u00e4r intagen f\u00f6r en tid sedan och en p\u00e5t\u00e5r av kaffet bryggs som b\u00e4st. Saker av blandad kompott finns att g\u00f6ra under veckan. Trevliga s\u00e5dana i alla avseenden. Under de g\u00e5ngna dagarna har finheterna &hellip; <a href=\"https:\/\/blog.skruttet.com\/?p=4980\">Forts\u00e4tt l\u00e4sa <span class=\"meta-nav\">&rarr;<\/span><\/a><\/p>\n","protected":false},"author":1,"featured_media":0,"comment_status":"open","ping_status":"open","sticky":false,"template":"","format":"standard","meta":[],"categories":[7,10,16],"tags":[],"_links":{"self":[{"href":"https:\/\/blog.skruttet.com\/index.php?rest_route=\/wp\/v2\/posts\/4980"}],"collection":[{"href":"https:\/\/blog.skruttet.com\/index.php?rest_route=\/wp\/v2\/posts"}],"about":[{"href":"https:\/\/blog.skruttet.com\/index.php?rest_route=\/wp\/v2\/types\/post"}],"author":[{"embeddable":true,"href":"https:\/\/blog.skruttet.com\/index.php?rest_route=\/wp\/v2\/users\/1"}],"replies":[{"embeddable":true,"href":"https:\/\/blog.skruttet.com\/index.php?rest_route=%2Fwp%2Fv2%2Fcomments&post=4980"}],"version-history":[{"count":2,"href":"https:\/\/blog.skruttet.com\/index.php?rest_route=\/wp\/v2\/posts\/4980\/revisions"}],"predecessor-version":[{"id":4982,"href":"https:\/\/blog.skruttet.com\/index.php?rest_route=\/wp\/v2\/posts\/4980\/revisions\/4982"}],"wp:attachment":[{"href":"https:\/\/blog.skruttet.com\/index.php?rest_route=%2Fwp%2Fv2%2Fmedia&parent=4980"}],"wp:term":[{"taxonomy":"category","embeddable":true,"href":"https:\/\/blog.skruttet.com\/index.php?rest_route=%2Fwp%2Fv2%2Fcategories&post=4980"},{"taxonomy":"post_tag","embeddable":true,"href":"https:\/\/blog.skruttet.com\/index.php?rest_route=%2Fwp%2Fv2%2Ftags&post=4980"}],"curies":[{"name":"wp","href":"https:\/\/api.w.org\/{rel}","templated":true}]}}