{"id":5019,"date":"2013-05-08T00:01:49","date_gmt":"2013-05-07T21:01:49","guid":{"rendered":"http:\/\/www.skruttet.com\/?p=5019"},"modified":"2013-05-08T00:15:07","modified_gmt":"2013-05-07T21:15:07","slug":"varje-farg-har-sin-charm","status":"publish","type":"post","link":"https:\/\/blog.skruttet.com\/?p=5019","title":{"rendered":"Varje f\u00e4rg har sin charm!"},"content":{"rendered":"<p>Det \u00e4r tisdag kv\u00e4ll och lugnet har lagt sig \u00f6ver \u00c4nglaparadiset.<br \/>\nGer er dagens ordfl\u00f6de med hj\u00e4lp av laptopens tangentbord. Ovant r\u00f6r sig mina fingrar, de landar fel och jag f\u00e5r radera, f\u00f6r att sedan skriva r\u00e4tt.<\/p>\n<p>V\u00e4rmeljuset i den vackra <a href=\"http:\/\/store.iittala.com\/epages\/iittala.sf\/fi_FI\/?ObjectPath=\/Shops\/iittala\/Categories\/Sisustaminen\/Kynttilaelyhdyt\/kivi_kynttilalyhdyt&amp;gclid=CN3fnpzvhLcCFYJ3cAodmE0AAQ\" target=\"_blank\">Iittala Kivilyktan<\/a>, av mindre modell, \u00a0har just brunnit ut och slocknat.\u00a0Jag k\u00e4nner lycka \u00f6ver att \u00e4ntligen ha funnit lyktan i vacker m\u00f6rklila f\u00e4rg. Ni som f\u00f6ljer mig vet att jag har s\u00f6kt den l\u00e4nge! Snart finns alla f\u00e4rger i samlingen. Jag skulle tro att det endast saknas endast en eller tv\u00e5 f\u00e4rger f\u00f6r att uppn\u00e5 fulltaligt antal.<\/p>\n<p>Det \u00e4r just det stora f\u00e4rgutbudet som g\u00f6r att jag gillar den lilla Kivilyktan. F\u00e4rgutbudet och lyktans stiliga enkelhet g\u00f6r att man kan l\u00e4tt kan skapa st\u00e4mning. Det finns b\u00e5de klara och m\u00f6rkare f\u00e4rger. De m\u00f6rkare v\u00e4ljer jag f\u00f6r att skapa en lugn milj\u00f6. Klara f\u00e4rger anv\u00e4nds \u00a0som en uppiggande inredningsdetalj.<\/p>\n<p>Att kombinera m\u00f6rk och klar g\u00e5r ocks\u00e5 bra &#8211; varje f\u00e4rg har sin charm!<\/p>\n<p>Nu b\u00f6rjar felskrivningarna bli m\u00e5nga s\u00e5 det \u00e4r nog dags att tacka f\u00f6r mig.<br \/>\nEn riktigt god natt \u00f6nskar jag dig,<br \/>\n\u00c4nglakramar!<\/p>\n","protected":false},"excerpt":{"rendered":"<p>Det \u00e4r tisdag kv\u00e4ll och lugnet har lagt sig \u00f6ver \u00c4nglaparadiset. Ger er dagens ordfl\u00f6de med hj\u00e4lp av laptopens tangentbord. Ovant r\u00f6r sig mina fingrar, de landar fel och jag f\u00e5r radera, f\u00f6r att sedan skriva r\u00e4tt. V\u00e4rmeljuset i den &hellip; <a href=\"https:\/\/blog.skruttet.com\/?p=5019\">Forts\u00e4tt l\u00e4sa <span class=\"meta-nav\">&rarr;<\/span><\/a><\/p>\n","protected":false},"author":1,"featured_media":0,"comment_status":"open","ping_status":"open","sticky":false,"template":"","format":"standard","meta":[],"categories":[12,16],"tags":[],"_links":{"self":[{"href":"https:\/\/blog.skruttet.com\/index.php?rest_route=\/wp\/v2\/posts\/5019"}],"collection":[{"href":"https:\/\/blog.skruttet.com\/index.php?rest_route=\/wp\/v2\/posts"}],"about":[{"href":"https:\/\/blog.skruttet.com\/index.php?rest_route=\/wp\/v2\/types\/post"}],"author":[{"embeddable":true,"href":"https:\/\/blog.skruttet.com\/index.php?rest_route=\/wp\/v2\/users\/1"}],"replies":[{"embeddable":true,"href":"https:\/\/blog.skruttet.com\/index.php?rest_route=%2Fwp%2Fv2%2Fcomments&post=5019"}],"version-history":[{"count":3,"href":"https:\/\/blog.skruttet.com\/index.php?rest_route=\/wp\/v2\/posts\/5019\/revisions"}],"predecessor-version":[{"id":5021,"href":"https:\/\/blog.skruttet.com\/index.php?rest_route=\/wp\/v2\/posts\/5019\/revisions\/5021"}],"wp:attachment":[{"href":"https:\/\/blog.skruttet.com\/index.php?rest_route=%2Fwp%2Fv2%2Fmedia&parent=5019"}],"wp:term":[{"taxonomy":"category","embeddable":true,"href":"https:\/\/blog.skruttet.com\/index.php?rest_route=%2Fwp%2Fv2%2Fcategories&post=5019"},{"taxonomy":"post_tag","embeddable":true,"href":"https:\/\/blog.skruttet.com\/index.php?rest_route=%2Fwp%2Fv2%2Ftags&post=5019"}],"curies":[{"name":"wp","href":"https:\/\/api.w.org\/{rel}","templated":true}]}}