{"id":5024,"date":"2013-05-15T18:23:04","date_gmt":"2013-05-15T15:23:04","guid":{"rendered":"http:\/\/www.skruttet.com\/?p=5024"},"modified":"2013-05-15T18:24:33","modified_gmt":"2013-05-15T15:24:33","slug":"det-galler-att-inte-falla-for-lockelsen","status":"publish","type":"post","link":"https:\/\/blog.skruttet.com\/?p=5024","title":{"rendered":"Det g\u00e4ller att inte falla f\u00f6r lockelsen&#8230;."},"content":{"rendered":"<p>Onsdag och veckans mitt.<br \/>\nEn vecka som g\u00e5r i gr\u00e4s\u00e4nkans tecken.<br \/>\nEn vecka av nyttig egentid.<br \/>\nEn vecka av nyttig saknad.<\/p>\n<p>Men ocks\u00e5 en vecka d\u00e5 de b\u00e5da finheterna verkligen s\u00e4tts p\u00e5 prov.<br \/>\nTillsammans b\u00e4r de mig \u00f6ver kuperad terr\u00e4ng. Och balansen tr\u00e4nas till max n\u00e4r vardagliga sysslor ska g\u00f6ras.\u00a0Hittills har det gott riktigt bra och sett ur rehabiliteringens perspektiv \u00a0kom utmaningen i att vara sj\u00e4lv i precis r\u00e4tt tid.<\/p>\n<p>Lyx\u00e5ket p\u00e5 hjul st\u00e5r, \u00a0\u00e4n s\u00e5 l\u00e4nge, \u00a0outnyttjat p\u00e5 verandan. Finheterna pulserar av tr\u00e4ningsv\u00e4rk och f\u00f6r tillf\u00e4llet p\u00e5g\u00e5r en st\u00e4ndig kamp mellan att vara f\u00f6rnuftigt envis framf\u00f6r att falla f\u00f6r finheternas lockelse. Lockelsen att vara bekv\u00e4m och placera arslet i \u00e5ket p\u00e5 hjul.<\/p>\n<p>Ni som l\u00e4ser mig vet att jag inte viker mig f\u00f6r lockelser som ovan i f\u00f6rsta taget. Jag \u00e4r alldeles f\u00f6r envis f\u00f6r det. Men jag t\u00e4nker inte heller vara sen med att erk\u00e4nna att jag jag \u00e4r ute efter att \u00f6vervinna hinder och k\u00e4nna att f\u00e5 k\u00e4nna sj\u00e4lvst\u00e4ndighet.<\/p>\n<p>Och visst kan jag! Ganska mycket egentligen, om jag t\u00e4nker efter riktigt noga. \ud83d\ude09<\/p>\n<p>Nu kallar middagsfixet!<br \/>\nHa en fortsatt fin onsdag,<br \/>\n\u00c4nglakramar!<\/p>\n<p>&nbsp;<\/p>\n","protected":false},"excerpt":{"rendered":"<p>Onsdag och veckans mitt. En vecka som g\u00e5r i gr\u00e4s\u00e4nkans tecken. En vecka av nyttig egentid. En vecka av nyttig saknad. Men ocks\u00e5 en vecka d\u00e5 de b\u00e5da finheterna verkligen s\u00e4tts p\u00e5 prov. Tillsammans b\u00e4r de mig \u00f6ver kuperad terr\u00e4ng. &hellip; <a href=\"https:\/\/blog.skruttet.com\/?p=5024\">Forts\u00e4tt l\u00e4sa <span class=\"meta-nav\">&rarr;<\/span><\/a><\/p>\n","protected":false},"author":1,"featured_media":0,"comment_status":"open","ping_status":"open","sticky":false,"template":"","format":"standard","meta":[],"categories":[7,10,16],"tags":[],"_links":{"self":[{"href":"https:\/\/blog.skruttet.com\/index.php?rest_route=\/wp\/v2\/posts\/5024"}],"collection":[{"href":"https:\/\/blog.skruttet.com\/index.php?rest_route=\/wp\/v2\/posts"}],"about":[{"href":"https:\/\/blog.skruttet.com\/index.php?rest_route=\/wp\/v2\/types\/post"}],"author":[{"embeddable":true,"href":"https:\/\/blog.skruttet.com\/index.php?rest_route=\/wp\/v2\/users\/1"}],"replies":[{"embeddable":true,"href":"https:\/\/blog.skruttet.com\/index.php?rest_route=%2Fwp%2Fv2%2Fcomments&post=5024"}],"version-history":[{"count":2,"href":"https:\/\/blog.skruttet.com\/index.php?rest_route=\/wp\/v2\/posts\/5024\/revisions"}],"predecessor-version":[{"id":5026,"href":"https:\/\/blog.skruttet.com\/index.php?rest_route=\/wp\/v2\/posts\/5024\/revisions\/5026"}],"wp:attachment":[{"href":"https:\/\/blog.skruttet.com\/index.php?rest_route=%2Fwp%2Fv2%2Fmedia&parent=5024"}],"wp:term":[{"taxonomy":"category","embeddable":true,"href":"https:\/\/blog.skruttet.com\/index.php?rest_route=%2Fwp%2Fv2%2Fcategories&post=5024"},{"taxonomy":"post_tag","embeddable":true,"href":"https:\/\/blog.skruttet.com\/index.php?rest_route=%2Fwp%2Fv2%2Ftags&post=5024"}],"curies":[{"name":"wp","href":"https:\/\/api.w.org\/{rel}","templated":true}]}}