{"id":5171,"date":"2013-08-08T23:17:57","date_gmt":"2013-08-08T20:17:57","guid":{"rendered":"http:\/\/www.skruttet.com\/?p=5171"},"modified":"2014-08-22T13:19:06","modified_gmt":"2014-08-22T10:19:06","slug":"samlaren-skruttet-soker","status":"publish","type":"post","link":"https:\/\/blog.skruttet.com\/?p=5171","title":{"rendered":"Samlaren Skruttet S\u00f6ker&#8230;.."},"content":{"rendered":"<p><a href=\"http:\/\/www.skruttet.com\/?attachment_id=5172\" rel=\"attachment wp-att-5172\"><img loading=\"lazy\" class=\"aligncenter size-full wp-image-5172\" alt=\"iittala kivi skogsgr\u00f6n\" src=\"http:\/\/www.skruttet.com\/blog\/wp-content\/uploads\/2013\/08\/iittala-kivi-skogsgr\u00f6n.jpg\" width=\"295\" height=\"295\" srcset=\"https:\/\/blog.skruttet.com\/wp-content\/uploads\/2013\/08\/iittala-kivi-skogsgr\u00f6n.jpg 295w, https:\/\/blog.skruttet.com\/wp-content\/uploads\/2013\/08\/iittala-kivi-skogsgr\u00f6n-150x150.jpg 150w\" sizes=\"(max-width: 295px) 100vw, 295px\" \/><\/a><\/p>\n<p>&nbsp;<\/p>\n<p>Jag tycks vara inne i en &#8221;ut\u00f6ka mina samlingar&#8221; period just nu. \u00a0De som f\u00f6ljer mig vet att jag bland annat samlar p\u00e5 dessa Kivi lyktor fr\u00e5n Iittala. Just nu hoppas jag att n\u00e5gonstans kunna hitta en lykta i denna skogsgr\u00f6na (*) f\u00e4rg.<\/p>\n<p>Samtidigt letar jag ocks\u00e5 efter glas till v\u00e5r bl\u00e5a servis. Glasen jag letar efter \u00e4r \u00a0ur serien \u00a0Kartio fr\u00e5n Iittala. \u00a0F\u00e4rgen p\u00e5 glasen ska vara Koboltbl\u00e5 . Glasen rymmer 40 cl och \u00e4r <span style=\"line-height: 24px;\">av den lite bredare, \u00a0nyare \u00a0modellen (*)<\/span><br \/>\nJag har lyckats hitta n\u00e5gra via olika loppisar. Men det tycks inte vara det l\u00e4ttaste att hitta dem. L\u00e4gger d\u00e4rf\u00f6r ut en liten efterlysning h\u00e4r &#8211; i hopp om att f\u00e5 n\u00e5got fint tips fr\u00e5n n\u00e5gon av mina bloggl\u00e4sande \u00c4nglar.<\/p>\n<p>Har ni tips var jag kan hitta glas i denna f\u00e4rg?<br \/>\n\u00c4nglakramar!!!<\/p>\n<p>Note: * Har hittat det jag efterlyste nu \u00a0\ud83d\ude42<\/p>\n","protected":false},"excerpt":{"rendered":"<p>&nbsp; Jag tycks vara inne i en &#8221;ut\u00f6ka mina samlingar&#8221; period just nu. \u00a0De som f\u00f6ljer mig vet att jag bland annat samlar p\u00e5 dessa Kivi lyktor fr\u00e5n Iittala. Just nu hoppas jag att n\u00e5gonstans kunna hitta en lykta i &hellip; <a href=\"https:\/\/blog.skruttet.com\/?p=5171\">Forts\u00e4tt l\u00e4sa <span class=\"meta-nav\">&rarr;<\/span><\/a><\/p>\n","protected":false},"author":1,"featured_media":0,"comment_status":"open","ping_status":"open","sticky":false,"template":"","format":"standard","meta":[],"categories":[22,98],"tags":[],"_links":{"self":[{"href":"https:\/\/blog.skruttet.com\/index.php?rest_route=\/wp\/v2\/posts\/5171"}],"collection":[{"href":"https:\/\/blog.skruttet.com\/index.php?rest_route=\/wp\/v2\/posts"}],"about":[{"href":"https:\/\/blog.skruttet.com\/index.php?rest_route=\/wp\/v2\/types\/post"}],"author":[{"embeddable":true,"href":"https:\/\/blog.skruttet.com\/index.php?rest_route=\/wp\/v2\/users\/1"}],"replies":[{"embeddable":true,"href":"https:\/\/blog.skruttet.com\/index.php?rest_route=%2Fwp%2Fv2%2Fcomments&post=5171"}],"version-history":[{"count":5,"href":"https:\/\/blog.skruttet.com\/index.php?rest_route=\/wp\/v2\/posts\/5171\/revisions"}],"predecessor-version":[{"id":5969,"href":"https:\/\/blog.skruttet.com\/index.php?rest_route=\/wp\/v2\/posts\/5171\/revisions\/5969"}],"wp:attachment":[{"href":"https:\/\/blog.skruttet.com\/index.php?rest_route=%2Fwp%2Fv2%2Fmedia&parent=5171"}],"wp:term":[{"taxonomy":"category","embeddable":true,"href":"https:\/\/blog.skruttet.com\/index.php?rest_route=%2Fwp%2Fv2%2Fcategories&post=5171"},{"taxonomy":"post_tag","embeddable":true,"href":"https:\/\/blog.skruttet.com\/index.php?rest_route=%2Fwp%2Fv2%2Ftags&post=5171"}],"curies":[{"name":"wp","href":"https:\/\/api.w.org\/{rel}","templated":true}]}}