{"id":5203,"date":"2013-09-04T15:06:11","date_gmt":"2013-09-04T12:06:11","guid":{"rendered":"http:\/\/www.skruttet.com\/?p=5203"},"modified":"2013-09-04T15:21:25","modified_gmt":"2013-09-04T12:21:25","slug":"det-vacker-min-langtan","status":"publish","type":"post","link":"https:\/\/blog.skruttet.com\/?p=5203","title":{"rendered":"Det v\u00e4cker min l\u00e4ngtan."},"content":{"rendered":"<p>Onsdag.<br \/>\nSeptember m\u00e5nads 4:e dag har det hunnit bli.\u00a0H\u00f6stm\u00e5nad.<br \/>\nNaturen b\u00f6rjar visa sina vackra f\u00e4rgskiftningar. Gulnande lov som faller mot marken. Morgondimma mot blygt v\u00e4rmande solst\u00e5lar. Daggv\u00e5tt gr\u00e4s och sval luft. Doften av skog och fuktig mossa.<\/p>\n<p>Det v\u00e4cker min l\u00e4ngtan. L\u00e4ngtan efter dagen d\u00e5 jag f\u00e5r modet att lita p\u00e5 finheterna till fullo. Och balansen \u00e4r god nog att g\u00e5 i skogen. I \u00e5r v\u00e5gar jag faktiskt tro att jag kanske kan hinna g\u00f6ra det med tv\u00e5 fungerande f\u00f6tter.<\/p>\n<p>Det ser i alla fall v\u00e4ldigt lovande ut.<br \/>\nDet v\u00e4cker min iver.<a href=\"http:\/\/www.skruttet.com\/?attachment_id=5204\" rel=\"attachment wp-att-5204\"><img loading=\"lazy\" class=\"alignright size-medium wp-image-5204\" alt=\"skog\" src=\"http:\/\/www.skruttet.com\/blog\/wp-content\/uploads\/2013\/09\/skog-300x225.jpg\" width=\"300\" height=\"225\" srcset=\"https:\/\/blog.skruttet.com\/wp-content\/uploads\/2013\/09\/skog-300x225.jpg 300w, https:\/\/blog.skruttet.com\/wp-content\/uploads\/2013\/09\/skog.jpg 416w\" sizes=\"(max-width: 300px) 100vw, 300px\" \/><\/a><\/p>\n<p>Jag ska tr\u00e4na s\u00e5 jag f\u00e5r uppleva ljudet av kvistar som brister under mina f\u00f6tter.<\/p>\n<p>S\u00e5 jag f\u00e5r sitta p\u00e5 en stubbe och plocka b\u00e4r och k\u00e4nna skogens alla dofter f\u00f6renas i en enda stund.<\/p>\n<p>Tills dess \u00e4r det nog en stund \u00e4n.<br \/>\nFram\u00e5t ska vi &#8211; Det \u00e4r den enda v\u00e4gen att g\u00e5!\u00a0Sen.. \u00a0n\u00e4r jag v\u00e4l h\u00e4r suttit d\u00e4r p\u00e5 stubben och \u00e4tit n\u00e5gra b\u00e4r.\u00a0D\u00e5 h\u00f6rs nog ett gl\u00e4djeskrik ljuda \u00e4ven h\u00e4r!<\/p>\n<p>Ha en fortsatt sk\u00f6n onsdag,<br \/>\n\u00c4nglakramar!!<\/p>\n<p>(Bilden \u00e4r googlad)<\/p>\n","protected":false},"excerpt":{"rendered":"<p>Onsdag. September m\u00e5nads 4:e dag har det hunnit bli.\u00a0H\u00f6stm\u00e5nad. Naturen b\u00f6rjar visa sina vackra f\u00e4rgskiftningar. Gulnande lov som faller mot marken. Morgondimma mot blygt v\u00e4rmande solst\u00e5lar. Daggv\u00e5tt gr\u00e4s och sval luft. Doften av skog och fuktig mossa. Det v\u00e4cker min &hellip; <a href=\"https:\/\/blog.skruttet.com\/?p=5203\">Forts\u00e4tt l\u00e4sa <span class=\"meta-nav\">&rarr;<\/span><\/a><\/p>\n","protected":false},"author":1,"featured_media":0,"comment_status":"open","ping_status":"open","sticky":false,"template":"","format":"standard","meta":[],"categories":[7,10,16],"tags":[],"_links":{"self":[{"href":"https:\/\/blog.skruttet.com\/index.php?rest_route=\/wp\/v2\/posts\/5203"}],"collection":[{"href":"https:\/\/blog.skruttet.com\/index.php?rest_route=\/wp\/v2\/posts"}],"about":[{"href":"https:\/\/blog.skruttet.com\/index.php?rest_route=\/wp\/v2\/types\/post"}],"author":[{"embeddable":true,"href":"https:\/\/blog.skruttet.com\/index.php?rest_route=\/wp\/v2\/users\/1"}],"replies":[{"embeddable":true,"href":"https:\/\/blog.skruttet.com\/index.php?rest_route=%2Fwp%2Fv2%2Fcomments&post=5203"}],"version-history":[{"count":12,"href":"https:\/\/blog.skruttet.com\/index.php?rest_route=\/wp\/v2\/posts\/5203\/revisions"}],"predecessor-version":[{"id":5216,"href":"https:\/\/blog.skruttet.com\/index.php?rest_route=\/wp\/v2\/posts\/5203\/revisions\/5216"}],"wp:attachment":[{"href":"https:\/\/blog.skruttet.com\/index.php?rest_route=%2Fwp%2Fv2%2Fmedia&parent=5203"}],"wp:term":[{"taxonomy":"category","embeddable":true,"href":"https:\/\/blog.skruttet.com\/index.php?rest_route=%2Fwp%2Fv2%2Fcategories&post=5203"},{"taxonomy":"post_tag","embeddable":true,"href":"https:\/\/blog.skruttet.com\/index.php?rest_route=%2Fwp%2Fv2%2Ftags&post=5203"}],"curies":[{"name":"wp","href":"https:\/\/api.w.org\/{rel}","templated":true}]}}