{"id":524,"date":"2008-03-12T22:28:02","date_gmt":"2008-03-12T20:28:02","guid":{"rendered":"http:\/\/den-lilla-draken"},"modified":"2008-03-12T22:28:02","modified_gmt":"2008-03-12T20:28:02","slug":"den-lilla-draken","status":"publish","type":"post","link":"https:\/\/blog.skruttet.com\/?p=524","title":{"rendered":"Den lilla draken"},"content":{"rendered":"<p><a href=\"http:\/\/bilder.bloggen.fi\/skruttet\/litendrake.jpg\"><img src=\"http:\/\/bilder.bloggen.fi\/skruttet\/thumb_litendrake.jpg\" align=\"right\" border=\"0\"><\/a><\/p>\n<div>Godkv\u00e4ll!!<\/div>\n<div>Allt \u00e4r bra! H\u00e4r brinner ljusen s\u00e5 vackert och en svag doft av kaffe har spridits&nbsp;i \u00c4nglapalatset fr\u00e5n ljuset p\u00e5 bordet. Vad har jag d\u00e5 gjort under dessa dagar?? Ja, hmmmm&#8230;..&nbsp;diktat och skrivit lite&#8230; Och njutit! Bes\u00f6k hos den Behndlande&nbsp;\u00c4ngeln samt hos n\u00e5gra av dessa underbara \u00e4nglar i min omgivning &nbsp;har&nbsp;jag ocks\u00e5 hunnit med&nbsp; =)&nbsp;&nbsp;<\/div>\n<div>&nbsp;<\/div>\n<div>Magen har i och f\u00f6r sig besv\u00e4rat mig lite. Men jag b\u00f6rjar v\u00e4nja med vid och&nbsp;jag f\u00e5r nog leva med det att magen&nbsp;protesterar och talar om att den vill ha l\u00e4ttsm\u00e4llt mat en tid. <\/div>\n<div>Jag vet att det g\u00e5r \u00f6ver, \u00e4ven om det just d\u00e5, f\u00f6r&nbsp;studen, k\u00e4nns som om man sku g\u00e5 s\u00f6nder.<\/div>\n<div>Den lilla, lilla baby draken kommer n\u00e4ra f\u00f6r en stund, men \u00e4nglarna finns d\u00e4r och draken f\u00f6rst\u00e5r ganska snabbt att det inte \u00e4r n\u00e5gon id\u00e9 att f\u00f6rs\u00f6ka br\u00e4nna&nbsp;Skruttet l\u00e4ngre&#8230;..Nu \u00e4r hon&nbsp;stark, stolt och or\u00e4dd! <\/div>\n<div>&nbsp;<\/div>\n<div>Den tidigare br\u00e4nnheta, svidande elden \u00e4r nuf\u00f6rtiden oftast bara r\u00f6k.&nbsp;Men i bland flammar den lilla elden upp&#8230;.. D\u00e5 breder \u00e4nglarna ut sina vingar och den lilla draken l\u00e4gger sig &nbsp;ner och v\u00e4rmer Skruttets kalla f\u00f6tter&#8230;.<\/div>\n<div>&nbsp;<\/div>\n<div>Nu blir det en liten stunds tv-tittande innan det \u00e4r dags att g\u00e5 i s\u00e4ng&#8230;..<\/div>\n<div>&nbsp;<\/div>\n<div>\u00c4nglakramar!!<\/div>\n","protected":false},"excerpt":{"rendered":"<p>Godkv\u00e4ll!! Allt \u00e4r bra! H\u00e4r brinner ljusen s\u00e5 vackert och en svag doft av kaffe har spridits&nbsp;i \u00c4nglapalatset fr\u00e5n ljuset p\u00e5 bordet. Vad har jag d\u00e5 gjort under dessa dagar?? Ja, hmmmm&#8230;..&nbsp;diktat och skrivit lite&#8230; Och njutit! Bes\u00f6k hos den &hellip; <a href=\"https:\/\/blog.skruttet.com\/?p=524\">Forts\u00e4tt l\u00e4sa <span class=\"meta-nav\">&rarr;<\/span><\/a><\/p>\n","protected":false},"author":1,"featured_media":0,"comment_status":"open","ping_status":"open","sticky":false,"template":"","format":"standard","meta":[],"categories":[10,12,16],"tags":[],"_links":{"self":[{"href":"https:\/\/blog.skruttet.com\/index.php?rest_route=\/wp\/v2\/posts\/524"}],"collection":[{"href":"https:\/\/blog.skruttet.com\/index.php?rest_route=\/wp\/v2\/posts"}],"about":[{"href":"https:\/\/blog.skruttet.com\/index.php?rest_route=\/wp\/v2\/types\/post"}],"author":[{"embeddable":true,"href":"https:\/\/blog.skruttet.com\/index.php?rest_route=\/wp\/v2\/users\/1"}],"replies":[{"embeddable":true,"href":"https:\/\/blog.skruttet.com\/index.php?rest_route=%2Fwp%2Fv2%2Fcomments&post=524"}],"version-history":[{"count":0,"href":"https:\/\/blog.skruttet.com\/index.php?rest_route=\/wp\/v2\/posts\/524\/revisions"}],"wp:attachment":[{"href":"https:\/\/blog.skruttet.com\/index.php?rest_route=%2Fwp%2Fv2%2Fmedia&parent=524"}],"wp:term":[{"taxonomy":"category","embeddable":true,"href":"https:\/\/blog.skruttet.com\/index.php?rest_route=%2Fwp%2Fv2%2Fcategories&post=524"},{"taxonomy":"post_tag","embeddable":true,"href":"https:\/\/blog.skruttet.com\/index.php?rest_route=%2Fwp%2Fv2%2Ftags&post=524"}],"curies":[{"name":"wp","href":"https:\/\/api.w.org\/{rel}","templated":true}]}}