{"id":5242,"date":"2013-09-18T13:40:56","date_gmt":"2013-09-18T10:40:56","guid":{"rendered":"http:\/\/www.skruttet.com\/?p=5242"},"modified":"2013-09-18T22:55:09","modified_gmt":"2013-09-18T19:55:09","slug":"det-vackra-ordflodet-har-stillats","status":"publish","type":"post","link":"https:\/\/blog.skruttet.com\/?p=5242","title":{"rendered":"Det vackra ordfl\u00f6det har stillats&#8230;."},"content":{"rendered":"<p>Samtidigt som det nyt\u00e4nda ljuset tar ett f\u00f6rsiktigt andetag \u00f6ppnar jag den lilla laptopens webbl\u00e4sare.<br \/>\nJag klickar runt en stund.\u00a0Och min vana trogen f\u00f6r ett av klicken mig in p\u00e5 \u00a0Kristians l\u00e4sv\u00e4rda\u00a0<a href=\"http:\/\/ikroppenmin.blogspot.com\/\">blogg<\/a>, &#8221;I Kroppen min&#8221;. \u00a0F\u00f6r att ta del av det m\u00e5lande ordfl\u00f6de som han g\u00e5ng p\u00e5 \u00a0g\u00e5ng givit mig och en gigantisk m\u00e4ngd andra l\u00e4sare.<\/p>\n<p>Mina \u00f6gon t\u00e5ras n\u00e4r jag l\u00e4ser det senaste fl\u00f6det. Hans kamp \u00e4r nu \u00f6ver.<br \/>\nOrden har tystnat. Fl\u00f6det \u00e4r efter detta slut.<\/p>\n<p>Mina fingrar k\u00e4nns pl\u00f6tsligt s\u00e5 stela.<br \/>\nHimlen har blivit en \u00c4ngel rikare.<br \/>\nTack, Kristian, f\u00f6r det vackra och oerh\u00f6rt livsl\u00e4rande ordfl\u00f6det du gav oss.\u00a0Vila i frid!<\/p>\n<p><a href=\"http:\/\/www.skruttet.com\/?attachment_id=5243\" rel=\"attachment wp-att-5243\"><img loading=\"lazy\" class=\"aligncenter size-medium wp-image-5243\" alt=\"ljus_i_morkret\" src=\"http:\/\/www.skruttet.com\/blog\/wp-content\/uploads\/2013\/09\/ljus_i_morkret-300x136.jpg\" width=\"300\" height=\"136\" srcset=\"https:\/\/blog.skruttet.com\/wp-content\/uploads\/2013\/09\/ljus_i_morkret-300x136.jpg 300w, https:\/\/blog.skruttet.com\/wp-content\/uploads\/2013\/09\/ljus_i_morkret.jpg 440w\" sizes=\"(max-width: 300px) 100vw, 300px\" \/><\/a>Ta hand om varandra,<br \/>\n\u00c4nglakramar!!<\/p>\n<p>(Bilden \u00e4r googlad)<\/p>\n","protected":false},"excerpt":{"rendered":"<p>Samtidigt som det nyt\u00e4nda ljuset tar ett f\u00f6rsiktigt andetag \u00f6ppnar jag den lilla laptopens webbl\u00e4sare. Jag klickar runt en stund.\u00a0Och min vana trogen f\u00f6r ett av klicken mig in p\u00e5 \u00a0Kristians l\u00e4sv\u00e4rda\u00a0blogg, &#8221;I Kroppen min&#8221;. \u00a0F\u00f6r att ta del av &hellip; <a href=\"https:\/\/blog.skruttet.com\/?p=5242\">Forts\u00e4tt l\u00e4sa <span class=\"meta-nav\">&rarr;<\/span><\/a><\/p>\n","protected":false},"author":1,"featured_media":0,"comment_status":"open","ping_status":"open","sticky":false,"template":"","format":"standard","meta":[],"categories":[16],"tags":[],"_links":{"self":[{"href":"https:\/\/blog.skruttet.com\/index.php?rest_route=\/wp\/v2\/posts\/5242"}],"collection":[{"href":"https:\/\/blog.skruttet.com\/index.php?rest_route=\/wp\/v2\/posts"}],"about":[{"href":"https:\/\/blog.skruttet.com\/index.php?rest_route=\/wp\/v2\/types\/post"}],"author":[{"embeddable":true,"href":"https:\/\/blog.skruttet.com\/index.php?rest_route=\/wp\/v2\/users\/1"}],"replies":[{"embeddable":true,"href":"https:\/\/blog.skruttet.com\/index.php?rest_route=%2Fwp%2Fv2%2Fcomments&post=5242"}],"version-history":[{"count":8,"href":"https:\/\/blog.skruttet.com\/index.php?rest_route=\/wp\/v2\/posts\/5242\/revisions"}],"predecessor-version":[{"id":5247,"href":"https:\/\/blog.skruttet.com\/index.php?rest_route=\/wp\/v2\/posts\/5242\/revisions\/5247"}],"wp:attachment":[{"href":"https:\/\/blog.skruttet.com\/index.php?rest_route=%2Fwp%2Fv2%2Fmedia&parent=5242"}],"wp:term":[{"taxonomy":"category","embeddable":true,"href":"https:\/\/blog.skruttet.com\/index.php?rest_route=%2Fwp%2Fv2%2Fcategories&post=5242"},{"taxonomy":"post_tag","embeddable":true,"href":"https:\/\/blog.skruttet.com\/index.php?rest_route=%2Fwp%2Fv2%2Ftags&post=5242"}],"curies":[{"name":"wp","href":"https:\/\/api.w.org\/{rel}","templated":true}]}}