{"id":5261,"date":"2013-09-23T16:51:38","date_gmt":"2013-09-23T13:51:38","guid":{"rendered":"http:\/\/www.skruttet.com\/?p=5261"},"modified":"2013-09-23T17:15:22","modified_gmt":"2013-09-23T14:15:22","slug":"dagar-i-tvasamhet-pa-kommande","status":"publish","type":"post","link":"https:\/\/blog.skruttet.com\/?p=5261","title":{"rendered":"Dagar i tv\u00e5samhet p\u00e5 kommande :)"},"content":{"rendered":"<p>En ny vecka har b\u00f6rjat.<br \/>\nH\u00f6sten har kommit p\u00e5 riktigt nu med regn och bl\u00e5st.<br \/>\n\u00c4nglaparadisets stugluft k\u00e4nns kylig, men det g\u00f6r ingenting.<br \/>\nMed ett par hemstickade sockor p\u00e5 finheterna och en tjockare tr\u00f6ja klarar jag mig bra.<\/p>\n<p>D\u00e5 s\u00e4songen b\u00f6rjade s\u00e5 inleddes den med &#8221;S\u00e5 l\u00e4nge det g\u00e5r att vara h\u00e4r&#8221; tanken. Och nog har s\u00e4songen varat l\u00e4nge i \u00e5r. Men snart \u00e4r \u00a0den nog \u00f6ver. Snart \u00e4r det dags att vinka &#8221;Hejd\u00e5&#8221; till de n\u00e4ra och k\u00e4ra som finns i mitt ursprung f\u00f6r att tillsammans med &lt;3-\u00c4ngeln bege mig hem till \u00c4nglag\u00e5rden igen.<\/p>\n<p>Det \u00e4r med blandade k\u00e4nslor jag \u00e5terv\u00e4nder. Det finns sk\u00e4l till oro. Givetvis ser jag fram emot att dagligen f\u00e5 vakna vid &lt;3- \u00c4ngelns sida. Och att f\u00e5 \u00e5terse alla fina m\u00e4nniskor som finns \u00e4ven d\u00e4r. Vi har ju inte sett varandras ansikten p\u00e5 en v\u00e4ldigt l\u00e5ng tid nu. Jag ser \u00e4ven fram emot att k\u00e4nna de lurviga filurernas p\u00e4ls mot min n\u00e4sa och att irriteras \u00f6ver den stora m\u00e4ngden p\u00e4lsh\u00e5r som fastnar p\u00e5 mina kl\u00e4der. Och t\u00e4nk s\u00e5 roligt det ska bli att kunna sitta vid frukostbordet och studera de simmande liven i den syresatta glasl\u00e5dan igen. D\u00e4r har det nog s\u00e4kerligen h\u00e4nt en hel del kan jag tro.<\/p>\n<p>D\u00e4remot ser jag inte alls framemot att ta tag i den tr\u00f6gflytande byr\u00e5kratin som r\u00e5der. Som det ser ut nu kommer en stor del av energin att g\u00e5 \u00e5t till att f\u00e5 ordning p\u00e5 saker.<br \/>\nAllt f\u00f6r att sedan kunna leva och kunna fokusera p\u00e5 framtiden.<\/p>\n<p>Men f\u00f6rst ska jag njuta n\u00e5gra dagar av tv\u00e5samhet tillsammans med &lt;3-\u00c4ngeln! Snart \u00e4r den m\u00e5nadsl\u00e5nga gr\u00e4s\u00e4nksperioden \u00f6ver. Snart, snart, f\u00e5r jag k\u00e4nna hans n\u00e4rhet igen!<br \/>\nUnderbart!<\/p>\n<p>Ha en sk\u00f6n m\u00e5ndag,<br \/>\n\u00c4nglakramar!!<\/p>\n","protected":false},"excerpt":{"rendered":"<p>En ny vecka har b\u00f6rjat. H\u00f6sten har kommit p\u00e5 riktigt nu med regn och bl\u00e5st. \u00c4nglaparadisets stugluft k\u00e4nns kylig, men det g\u00f6r ingenting. Med ett par hemstickade sockor p\u00e5 finheterna och en tjockare tr\u00f6ja klarar jag mig bra. D\u00e5 s\u00e4songen &hellip; <a href=\"https:\/\/blog.skruttet.com\/?p=5261\">Forts\u00e4tt l\u00e4sa <span class=\"meta-nav\">&rarr;<\/span><\/a><\/p>\n","protected":false},"author":1,"featured_media":0,"comment_status":"open","ping_status":"open","sticky":false,"template":"","format":"standard","meta":[],"categories":[16],"tags":[],"_links":{"self":[{"href":"https:\/\/blog.skruttet.com\/index.php?rest_route=\/wp\/v2\/posts\/5261"}],"collection":[{"href":"https:\/\/blog.skruttet.com\/index.php?rest_route=\/wp\/v2\/posts"}],"about":[{"href":"https:\/\/blog.skruttet.com\/index.php?rest_route=\/wp\/v2\/types\/post"}],"author":[{"embeddable":true,"href":"https:\/\/blog.skruttet.com\/index.php?rest_route=\/wp\/v2\/users\/1"}],"replies":[{"embeddable":true,"href":"https:\/\/blog.skruttet.com\/index.php?rest_route=%2Fwp%2Fv2%2Fcomments&post=5261"}],"version-history":[{"count":3,"href":"https:\/\/blog.skruttet.com\/index.php?rest_route=\/wp\/v2\/posts\/5261\/revisions"}],"predecessor-version":[{"id":5264,"href":"https:\/\/blog.skruttet.com\/index.php?rest_route=\/wp\/v2\/posts\/5261\/revisions\/5264"}],"wp:attachment":[{"href":"https:\/\/blog.skruttet.com\/index.php?rest_route=%2Fwp%2Fv2%2Fmedia&parent=5261"}],"wp:term":[{"taxonomy":"category","embeddable":true,"href":"https:\/\/blog.skruttet.com\/index.php?rest_route=%2Fwp%2Fv2%2Fcategories&post=5261"},{"taxonomy":"post_tag","embeddable":true,"href":"https:\/\/blog.skruttet.com\/index.php?rest_route=%2Fwp%2Fv2%2Ftags&post=5261"}],"curies":[{"name":"wp","href":"https:\/\/api.w.org\/{rel}","templated":true}]}}