{"id":5308,"date":"2013-10-25T12:27:03","date_gmt":"2013-10-25T09:27:03","guid":{"rendered":"http:\/\/www.skruttet.com\/?p=5308"},"modified":"2013-10-25T13:03:44","modified_gmt":"2013-10-25T10:03:44","slug":"pa-resande-fot","status":"publish","type":"post","link":"https:\/\/blog.skruttet.com\/?p=5308","title":{"rendered":"P\u00e5 resande fot&#8230;."},"content":{"rendered":"<p>Fredag.<br \/>\nVi har hunnit till sista halvan av oktober redan och i\u00a0helgen \u00e4r det dags att \u00e4ndra till vintertid. Natten till s\u00f6ndag ska klockan st\u00e4llas en timme bak\u00e5t.<br \/>\nSk\u00f6nt att f\u00e5 sova en timme l\u00e4ngre p\u00e5 morgonen!<\/p>\n<p><a href=\"http:\/\/www.skruttet.com\/?attachment_id=5309\" rel=\"attachment wp-att-5309\"><img loading=\"lazy\" class=\"alignright size-medium wp-image-5309\" alt=\"l\u00e4kerol original\" src=\"http:\/\/www.skruttet.com\/blog\/wp-content\/uploads\/2013\/10\/l\u00e4kerol-original-300x224.jpg\" width=\"300\" height=\"224\" srcset=\"https:\/\/blog.skruttet.com\/wp-content\/uploads\/2013\/10\/l\u00e4kerol-original-300x224.jpg 300w, https:\/\/blog.skruttet.com\/wp-content\/uploads\/2013\/10\/l\u00e4kerol-original-1024x768.jpg 1024w\" sizes=\"(max-width: 300px) 100vw, 300px\" \/><\/a>Vi befinner oss p\u00e5 en kortare resa.<br \/>\nJag b\u00f6rjar bli uttr\u00e5kad. Tiden g\u00e5r l\u00e5ngsamt. Samtidigt som jag ger er dagens aningen inneh\u00e5llsfattiga fl\u00f6de h\u00f6rs m\u00e4nniskor \u00e4ta, samtala och skratta.<br \/>\nP\u00e5 avst\u00e5nd h\u00f6rs ett gr\u00e5tande barn.<\/p>\n<p>Och h\u00e4r i h\u00f6rnet av ett l\u00e4ngre bord\u00a0<span style=\"line-height: 24px;\">sitter jag.<br \/>\nMed &lt;3 -\u00c4ngeln mittemot och studerar omgivningen.\u00a0Det k\u00e4kas L\u00e4kerol ur en ny, st\u00f6rre 75 grams f\u00f6rpackning, och surfas f\u00f6r brinnk\u00e4ra livet.<\/span><br \/>\nN\u00e5gra timmar ska passera \u00e4n innan vi \u00e4r framme.<\/p>\n<p>Det b\u00f6rjar bli dags f\u00f6r kaffe tycker kroppen,<br \/>\ns\u00e5 det \u00e4r v\u00e4l dags f\u00f6r den f\u00f6rsta st\u00f6rre koppen.<br \/>\nHa en fin fredag,<br \/>\n\u00c4nglakramar!!<\/p>\n<p>(Bilden \u00e4r googlad)<\/p>\n<p>&nbsp;<\/p>\n","protected":false},"excerpt":{"rendered":"<p>Fredag. Vi har hunnit till sista halvan av oktober redan och i\u00a0helgen \u00e4r det dags att \u00e4ndra till vintertid. Natten till s\u00f6ndag ska klockan st\u00e4llas en timme bak\u00e5t. Sk\u00f6nt att f\u00e5 sova en timme l\u00e4ngre p\u00e5 morgonen! Vi befinner oss &hellip; <a href=\"https:\/\/blog.skruttet.com\/?p=5308\">Forts\u00e4tt l\u00e4sa <span class=\"meta-nav\">&rarr;<\/span><\/a><\/p>\n","protected":false},"author":1,"featured_media":0,"comment_status":"open","ping_status":"open","sticky":false,"template":"","format":"standard","meta":[],"categories":[16],"tags":[],"_links":{"self":[{"href":"https:\/\/blog.skruttet.com\/index.php?rest_route=\/wp\/v2\/posts\/5308"}],"collection":[{"href":"https:\/\/blog.skruttet.com\/index.php?rest_route=\/wp\/v2\/posts"}],"about":[{"href":"https:\/\/blog.skruttet.com\/index.php?rest_route=\/wp\/v2\/types\/post"}],"author":[{"embeddable":true,"href":"https:\/\/blog.skruttet.com\/index.php?rest_route=\/wp\/v2\/users\/1"}],"replies":[{"embeddable":true,"href":"https:\/\/blog.skruttet.com\/index.php?rest_route=%2Fwp%2Fv2%2Fcomments&post=5308"}],"version-history":[{"count":3,"href":"https:\/\/blog.skruttet.com\/index.php?rest_route=\/wp\/v2\/posts\/5308\/revisions"}],"predecessor-version":[{"id":5311,"href":"https:\/\/blog.skruttet.com\/index.php?rest_route=\/wp\/v2\/posts\/5308\/revisions\/5311"}],"wp:attachment":[{"href":"https:\/\/blog.skruttet.com\/index.php?rest_route=%2Fwp%2Fv2%2Fmedia&parent=5308"}],"wp:term":[{"taxonomy":"category","embeddable":true,"href":"https:\/\/blog.skruttet.com\/index.php?rest_route=%2Fwp%2Fv2%2Fcategories&post=5308"},{"taxonomy":"post_tag","embeddable":true,"href":"https:\/\/blog.skruttet.com\/index.php?rest_route=%2Fwp%2Fv2%2Ftags&post=5308"}],"curies":[{"name":"wp","href":"https:\/\/api.w.org\/{rel}","templated":true}]}}