{"id":5323,"date":"2013-11-01T18:30:05","date_gmt":"2013-11-01T16:30:05","guid":{"rendered":"http:\/\/www.skruttet.com\/?p=5323"},"modified":"2015-02-16T14:32:18","modified_gmt":"2015-02-16T12:32:18","slug":"vi-gjorde-allt-vi-kunde","status":"publish","type":"post","link":"https:\/\/blog.skruttet.com\/?p=5323","title":{"rendered":"Vi gjorde allt vi kunde&#8230;"},"content":{"rendered":"<p>Fredag igen!<br \/>\nM\u00f6rkret s\u00e4nker sig \u00f6ver \u00c4nglag\u00e5rden. \u00a0En lurvig filur snarkar ljudligt i en stol intill mig.<br \/>\nV\u00e4rmeljusen brinner med stillsamt vacker l\u00e5ga. Det doftar k\u00f6rsb\u00e4r.<br \/>\nUnderbara sommar!!<\/p>\n<p>Jag vrider p\u00e5 huvudet och gl\u00f6mmer sommaren snabbt.<br \/>\nUtanf\u00f6r f\u00f6nstret h\u00e4nger nyink\u00f6pta lyktor i svart. I dem brinner ocks\u00e5 ljus.<br \/>\nDen ena lyktan vajar sakta, i \u00f6vrigt \u00e4r allting tyst och stilla.<br \/>\nKan inte l\u00e5ta bli att ber\u00f6ras av det vackra i stillsamheten.<\/p>\n<p>Vi har \u00e4n en g\u00e5ng n\u00e5tt den tid d\u00e5 Alla helgons dag st\u00e5r f\u00f6r d\u00f6rren.<br \/>\nTid f\u00f6r eftertanke. Himlen har blivit n\u00e5gra \u00c4nglar rikare sedan f\u00f6rra \u00e5rets Helgons dag.<br \/>\nJag k\u00e4nner mig rik. Rik p\u00e5 l\u00e4rdomar som dessa \u00c4nglar hann ge mig.<\/p>\n<p>Det sticker till i hj\u00e4rtat p\u00e5 mig<br \/>\nJag t\u00e4nker p\u00e5 v\u00e5r process som avslutades<span style=\"line-height: 24px;\">\u00a0under \u00e5ret<\/span><br \/>\noch forts\u00e4ttningen \u00a0blev lagd p\u00e5 is.<br \/>\nI \u00e5r t\u00e4nder vi flertalet extra ljus fyllda med mycket k\u00e4rlek.<br \/>\nInga ljus i v\u00e4rlden \u00e4r m\u00e5nga nog.<br \/>\nDet g\u00f6r ont. Men sm\u00e4rtan bleknar och tiden ger sorgen ett annat ljus.<\/p>\n<p>Till Barnet vi aldrig fick m\u00f6ta:<\/p>\n<p>Vi gjorde allt vi kunde,<br \/>\nmen det r\u00e4ckte inte riktigt till.<br \/>\n<span style=\"line-height: 24px;\">\u00c4lskade l<\/span>illa \u00a0hj\u00e4rtat, i bland g\u00e5r saker inte riktigt som man vill.<br \/>\nMen en sak \u00e4r s\u00e4ker,<br \/>\nEn speciell plats i v\u00e5ra hj\u00e4rtan \u00e4r din.<br \/>\nVi \u00e4lskar dig!!<\/p>\n<p>Mamma &amp; Pappa<\/p>\n","protected":false},"excerpt":{"rendered":"<p>Fredag igen! M\u00f6rkret s\u00e4nker sig \u00f6ver \u00c4nglag\u00e5rden. \u00a0En lurvig filur snarkar ljudligt i en stol intill mig. V\u00e4rmeljusen brinner med stillsamt vacker l\u00e5ga. Det doftar k\u00f6rsb\u00e4r. Underbara sommar!! Jag vrider p\u00e5 huvudet och gl\u00f6mmer sommaren snabbt. Utanf\u00f6r f\u00f6nstret h\u00e4nger nyink\u00f6pta &hellip; <a href=\"https:\/\/blog.skruttet.com\/?p=5323\">Forts\u00e4tt l\u00e4sa <span class=\"meta-nav\">&rarr;<\/span><\/a><\/p>\n","protected":false},"author":1,"featured_media":0,"comment_status":"open","ping_status":"open","sticky":false,"template":"","format":"standard","meta":[],"categories":[3,21,14],"tags":[],"_links":{"self":[{"href":"https:\/\/blog.skruttet.com\/index.php?rest_route=\/wp\/v2\/posts\/5323"}],"collection":[{"href":"https:\/\/blog.skruttet.com\/index.php?rest_route=\/wp\/v2\/posts"}],"about":[{"href":"https:\/\/blog.skruttet.com\/index.php?rest_route=\/wp\/v2\/types\/post"}],"author":[{"embeddable":true,"href":"https:\/\/blog.skruttet.com\/index.php?rest_route=\/wp\/v2\/users\/1"}],"replies":[{"embeddable":true,"href":"https:\/\/blog.skruttet.com\/index.php?rest_route=%2Fwp%2Fv2%2Fcomments&post=5323"}],"version-history":[{"count":9,"href":"https:\/\/blog.skruttet.com\/index.php?rest_route=\/wp\/v2\/posts\/5323\/revisions"}],"predecessor-version":[{"id":6242,"href":"https:\/\/blog.skruttet.com\/index.php?rest_route=\/wp\/v2\/posts\/5323\/revisions\/6242"}],"wp:attachment":[{"href":"https:\/\/blog.skruttet.com\/index.php?rest_route=%2Fwp%2Fv2%2Fmedia&parent=5323"}],"wp:term":[{"taxonomy":"category","embeddable":true,"href":"https:\/\/blog.skruttet.com\/index.php?rest_route=%2Fwp%2Fv2%2Fcategories&post=5323"},{"taxonomy":"post_tag","embeddable":true,"href":"https:\/\/blog.skruttet.com\/index.php?rest_route=%2Fwp%2Fv2%2Ftags&post=5323"}],"curies":[{"name":"wp","href":"https:\/\/api.w.org\/{rel}","templated":true}]}}