{"id":5402,"date":"2013-11-30T17:56:44","date_gmt":"2013-11-30T15:56:44","guid":{"rendered":"http:\/\/www.skruttet.com\/?p=5402"},"modified":"2013-11-30T17:56:44","modified_gmt":"2013-11-30T15:56:44","slug":"traditionens-inslag-har-funnits-i-dag","status":"publish","type":"post","link":"https:\/\/blog.skruttet.com\/?p=5402","title":{"rendered":"Traditionens inslag har funnits i dag.."},"content":{"rendered":"<p>Almanackan p\u00e5 v\u00e4ggen visar en l\u00f6rdag. Den sista i november.<br \/>\nM\u00e5nga \u00a0bes\u00f6ker traditionsenligt en marknad eftersom lillajul firas just i dag.<br \/>\nH\u00e4r \u00e4r marknadstraditionen inget undantag.<\/p>\n<p>Vi drog p\u00e5 oss ordentligt med kl\u00e4der och klev ut i den nyfallna sn\u00f6n som kommit under natten. S\u00e5 vackert och ljust det var! Precis lagom kallt.<\/p>\n<p>I \u00e5r valde vi att bes\u00f6ka en marknad av inomhus modell. Och vi v\u00e4ntade n\u00e5gon timme innan vi for f\u00f6r att slippa tr\u00e4ngsel. Trevliga m\u00f6ten blev det &#8211; mycket hann vi se. Marknadsborden fylldes med stickat, hembakat, karameller och sylt.<br \/>\nN\u00e4r vi v\u00e4nde hem\u00e5t hade v\u00e5ra kassar mer \u00e4n v\u00e4l fyllts.<\/p>\n<p><a href=\"http:\/\/www.skruttet.com\/?attachment_id=5403\" rel=\"attachment wp-att-5403\"><img loading=\"lazy\" class=\"alignleft size-full wp-image-5403\" alt=\"gl\u00f6gg\" src=\"http:\/\/www.skruttet.com\/blog\/wp-content\/uploads\/2013\/11\/gl\u00f6gg.jpg\" width=\"200\" height=\"256\" \/><\/a>I kv\u00e4ll inleder vi v\u00e4ntan p\u00e5 julen. Med must och julmat.<br \/>\nMen bara lite grann.<br \/>\nOch under kv\u00e4llen v\u00e4rms bastun. Efter\u00e5t myser vi med gl\u00f6gg, eld i spisen och kanske n\u00e5gon bit m\u00f6rk choklad, medan vi avslutar kv\u00e4llen med att se den kritikerrosade James Cameron &#8211; filmen\u00a0<a href=\"http:\/\/www.youtube.com\/watch?v=5PSNL1qE6VY\">Avarar<\/a>.<\/p>\n<p>Ha en fortsatt trevlig kv\u00e4ll och En riktigt trevlig lillajul \u00f6nskar vi just dig,\u00a0\u00c4nglakramar!!!<\/p>\n<p>(Bilden \u00e4r googlad)<\/p>\n","protected":false},"excerpt":{"rendered":"<p>Almanackan p\u00e5 v\u00e4ggen visar en l\u00f6rdag. Den sista i november. M\u00e5nga \u00a0bes\u00f6ker traditionsenligt en marknad eftersom lillajul firas just i dag. H\u00e4r \u00e4r marknadstraditionen inget undantag. Vi drog p\u00e5 oss ordentligt med kl\u00e4der och klev ut i den nyfallna sn\u00f6n &hellip; <a href=\"https:\/\/blog.skruttet.com\/?p=5402\">Forts\u00e4tt l\u00e4sa <span class=\"meta-nav\">&rarr;<\/span><\/a><\/p>\n","protected":false},"author":1,"featured_media":0,"comment_status":"open","ping_status":"open","sticky":false,"template":"","format":"standard","meta":[],"categories":[6,16],"tags":[],"_links":{"self":[{"href":"https:\/\/blog.skruttet.com\/index.php?rest_route=\/wp\/v2\/posts\/5402"}],"collection":[{"href":"https:\/\/blog.skruttet.com\/index.php?rest_route=\/wp\/v2\/posts"}],"about":[{"href":"https:\/\/blog.skruttet.com\/index.php?rest_route=\/wp\/v2\/types\/post"}],"author":[{"embeddable":true,"href":"https:\/\/blog.skruttet.com\/index.php?rest_route=\/wp\/v2\/users\/1"}],"replies":[{"embeddable":true,"href":"https:\/\/blog.skruttet.com\/index.php?rest_route=%2Fwp%2Fv2%2Fcomments&post=5402"}],"version-history":[{"count":1,"href":"https:\/\/blog.skruttet.com\/index.php?rest_route=\/wp\/v2\/posts\/5402\/revisions"}],"predecessor-version":[{"id":5404,"href":"https:\/\/blog.skruttet.com\/index.php?rest_route=\/wp\/v2\/posts\/5402\/revisions\/5404"}],"wp:attachment":[{"href":"https:\/\/blog.skruttet.com\/index.php?rest_route=%2Fwp%2Fv2%2Fmedia&parent=5402"}],"wp:term":[{"taxonomy":"category","embeddable":true,"href":"https:\/\/blog.skruttet.com\/index.php?rest_route=%2Fwp%2Fv2%2Fcategories&post=5402"},{"taxonomy":"post_tag","embeddable":true,"href":"https:\/\/blog.skruttet.com\/index.php?rest_route=%2Fwp%2Fv2%2Ftags&post=5402"}],"curies":[{"name":"wp","href":"https:\/\/api.w.org\/{rel}","templated":true}]}}