{"id":5425,"date":"2013-12-05T21:21:33","date_gmt":"2013-12-05T19:21:33","guid":{"rendered":"http:\/\/www.skruttet.com\/?p=5425"},"modified":"2014-02-01T16:34:05","modified_gmt":"2014-02-01T14:34:05","slug":"av-karlek-till-orden","status":"publish","type":"post","link":"https:\/\/blog.skruttet.com\/?p=5425","title":{"rendered":"Av k\u00e4rlek till orden&#8230;"},"content":{"rendered":"<p>Torsdag.<br \/>\nSn\u00f6n fullkomligen vr\u00e4ker ner och rapporten lovar halt v\u00e4glag och storm.<br \/>\nS\u00e5 k\u00f6r f\u00f6rsiktigt ni som av n\u00e5gon anledning m\u00e5ste ut!<\/p>\n<p>H\u00e4r, inomhus \u00e4r det varmt och gott. Jag njuter!<\/p>\n<p style=\"text-align: left;\">N\u00e5gra glaslyktor st\u00e5r utplacerade p\u00e5 en hylla. I alla brinner ljus och som lite vardagslyx valde jag ett med doft. En lite kryddigare doft ur <a href=\"http:\/\/www.partylite.fi\/svfi\/hem.html\">Partylites sortiment<\/a>.<br \/>\nLagerb\u00e4r st\u00e5r det p\u00e5 asken.<br \/>\nN\u00e4r ljuset brunnit en stund k\u00e4nner jag att vi inte kommer inte riktigt \u00f6verens. Lagerb\u00e4ret och jag. \u00a0Och kan h\u00e4nda det nog har konstaterats f\u00f6rr att: De kryddiga dofterna inte riktigt \u00e4r min grej. De dofterna k\u00e4nns ganska \u00a0koncentrerade och just lagerb\u00e4r \u00e4r nog en aning f\u00f6r stark enligt mitt tycke.<\/p>\n<p>N\u00e5ja, det om det. N\u00e5got helt annat nu.<\/p>\n<p><a href=\"http:\/\/www.skruttet.com\/?attachment_id=5426\" rel=\"attachment wp-att-5426\"><img loading=\"lazy\" class=\"alignright size-medium wp-image-5426\" alt=\"K\u00e4rlek_ l\u00e4sa_bok\" src=\"http:\/\/www.skruttet.com\/blog\/wp-content\/uploads\/2013\/12\/K\u00e4rlek_-l\u00e4sa_bok-300x225.jpg\" width=\"300\" height=\"225\" srcset=\"https:\/\/blog.skruttet.com\/wp-content\/uploads\/2013\/12\/K\u00e4rlek_-l\u00e4sa_bok-300x225.jpg 300w, https:\/\/blog.skruttet.com\/wp-content\/uploads\/2013\/12\/K\u00e4rlek_-l\u00e4sa_bok.jpg 600w\" sizes=\"(max-width: 300px) 100vw, 300px\" \/><\/a>Ordfylld. Det beskriver hur dagen varit. Jag har mailat, skrivit, sms:at och kommenterat statusar. I lugn och ro har jag l\u00e4st, bloggar och andra skriverier. B\u00e5de tyst och h\u00f6gt f\u00f6r mig sj\u00e4lv. Med syftet att utmana mig sj\u00e4lv och L\u00e4s- och skrivsv\u00e5righeterna jag b\u00e4r.\u00a0Att skriva, hantera stora m\u00e4ngder text och l\u00e4sa tyst g\u00e5r bra. Det har jag v\u00e4l in\u00f6vat f\u00f6r det g\u00f6r jag s\u00e5 gott som varje dag.<\/p>\n<p>Men med h\u00f6gl\u00e4sningen \u00e4r det v\u00e4rre. &#8221;Tolkningsmomenten&#8221; blir flera och kr\u00e4ver mer. Vilket medf\u00f6r att jag ofta l\u00e4ser fel. Om jag sk\u00e4ms n\u00e4r det blir fel? Ja, det h\u00e4nder ibland att det ligger n\u00e4ra till hands. Att l\u00e4sa en l\u00e4ngre ok\u00e4nd text inf\u00f6r helt ok\u00e4nt folk \u00e4r rent av en pl\u00e5ga. Det skulle jag s\u00e5 g\u00e4rna n\u00e5gon g\u00e5ng vilja v\u00e5ga. \u00c4lskar ju orden s\u00e5!<\/p>\n<p>Har du n\u00e5t tips p\u00e5 \u00f6vning som \u00e4r bra? D\u00e5 skulle jag bli riktigt glad!<br \/>\n\u00c4nglakramar!!<\/p>\n<p style=\"text-align: left;\">(Bilden \u00e4r googlad)<\/p>\n<p style=\"text-align: center;\"><a href=\"http:\/\/www.youtube.com\/watch?v=vaAVByGaON0\">Emeli Sand\u00e9 &#8211; Read All About It<\/a><\/p>\n","protected":false},"excerpt":{"rendered":"<p>Torsdag. Sn\u00f6n fullkomligen vr\u00e4ker ner och rapporten lovar halt v\u00e4glag och storm. S\u00e5 k\u00f6r f\u00f6rsiktigt ni som av n\u00e5gon anledning m\u00e5ste ut! H\u00e4r, inomhus \u00e4r det varmt och gott. Jag njuter! N\u00e5gra glaslyktor st\u00e5r utplacerade p\u00e5 en hylla. I alla &hellip; <a href=\"https:\/\/blog.skruttet.com\/?p=5425\">Forts\u00e4tt l\u00e4sa <span class=\"meta-nav\">&rarr;<\/span><\/a><\/p>\n","protected":false},"author":1,"featured_media":0,"comment_status":"open","ping_status":"open","sticky":false,"template":"","format":"standard","meta":[],"categories":[8,18,14,16],"tags":[41],"_links":{"self":[{"href":"https:\/\/blog.skruttet.com\/index.php?rest_route=\/wp\/v2\/posts\/5425"}],"collection":[{"href":"https:\/\/blog.skruttet.com\/index.php?rest_route=\/wp\/v2\/posts"}],"about":[{"href":"https:\/\/blog.skruttet.com\/index.php?rest_route=\/wp\/v2\/types\/post"}],"author":[{"embeddable":true,"href":"https:\/\/blog.skruttet.com\/index.php?rest_route=\/wp\/v2\/users\/1"}],"replies":[{"embeddable":true,"href":"https:\/\/blog.skruttet.com\/index.php?rest_route=%2Fwp%2Fv2%2Fcomments&post=5425"}],"version-history":[{"count":8,"href":"https:\/\/blog.skruttet.com\/index.php?rest_route=\/wp\/v2\/posts\/5425\/revisions"}],"predecessor-version":[{"id":5574,"href":"https:\/\/blog.skruttet.com\/index.php?rest_route=\/wp\/v2\/posts\/5425\/revisions\/5574"}],"wp:attachment":[{"href":"https:\/\/blog.skruttet.com\/index.php?rest_route=%2Fwp%2Fv2%2Fmedia&parent=5425"}],"wp:term":[{"taxonomy":"category","embeddable":true,"href":"https:\/\/blog.skruttet.com\/index.php?rest_route=%2Fwp%2Fv2%2Fcategories&post=5425"},{"taxonomy":"post_tag","embeddable":true,"href":"https:\/\/blog.skruttet.com\/index.php?rest_route=%2Fwp%2Fv2%2Ftags&post=5425"}],"curies":[{"name":"wp","href":"https:\/\/api.w.org\/{rel}","templated":true}]}}