{"id":5434,"date":"2013-12-06T14:12:15","date_gmt":"2013-12-06T12:12:15","guid":{"rendered":"http:\/\/www.skruttet.com\/?p=5434"},"modified":"2013-12-06T14:46:55","modified_gmt":"2013-12-06T12:46:55","slug":"till-de-blavita-kamparnas-ara","status":"publish","type":"post","link":"https:\/\/blog.skruttet.com\/?p=5434","title":{"rendered":"Till de bl\u00e5vita k\u00e4mparnas \u00e4ra!"},"content":{"rendered":"<p><a href=\"http:\/\/www.skruttet.com\/?attachment_id=5435\" rel=\"attachment wp-att-5435\"><img loading=\"lazy\" class=\"alignright size-medium wp-image-5435\" alt=\"IMG_6058\" src=\"http:\/\/www.skruttet.com\/blog\/wp-content\/uploads\/2013\/12\/IMG_6058-225x300.jpg\" width=\"225\" height=\"300\" srcset=\"https:\/\/blog.skruttet.com\/wp-content\/uploads\/2013\/12\/IMG_6058-225x300.jpg 225w, https:\/\/blog.skruttet.com\/wp-content\/uploads\/2013\/12\/IMG_6058-768x1024.jpg 768w\" sizes=\"(max-width: 225px) 100vw, 225px\" \/><\/a>Fredag. Den 6:e dagen i december och f\u00f6r m\u00e5nga inneb\u00e4r det ledighet.\u00a0Vi firar Finlands sj\u00e4lvst\u00e4ndighetsdag. Den 96:e i ordningen \u00e4r det.<\/p>\n<p>I dag k\u00e4nner jag tacksamhet till landets k\u00e4mpar.<br \/>\nTill sj\u00e4lvst\u00e4ndigheten och till ett land utan bombande krig.<\/p>\n<p>Tack, Finland, f\u00f6r att vi f\u00e5r ha det s\u00e5 bra!<br \/>\nI dag brinner ljusen i \u00a0finsk designade <a href=\"https:\/\/store.iittala.fi\/search?text=festivo\">Iittala &#8211; Festivo<\/a>\u00a0ljusstakar. Med bl\u00e5 och vita ljus &#8211; \u00a0till de finska k\u00e4mparnas \u00e4ra!<\/p>\n<p>Ha en fin Sj\u00e4lvst\u00e4ndighetsdag,<br \/>\n\u00c4nglakramar!!<\/p>\n<p><a href=\"http:\/\/www.youtube.com\/watch?v=F5zg_af9b8c\" target=\"_blank\">Jean Sibelius &#8211; Finlandia<\/a><\/p>\n","protected":false},"excerpt":{"rendered":"<p>Fredag. Den 6:e dagen i december och f\u00f6r m\u00e5nga inneb\u00e4r det ledighet.\u00a0Vi firar Finlands sj\u00e4lvst\u00e4ndighetsdag. Den 96:e i ordningen \u00e4r det. I dag k\u00e4nner jag tacksamhet till landets k\u00e4mpar. Till sj\u00e4lvst\u00e4ndigheten och till ett land utan bombande krig. Tack, Finland, &hellip; <a href=\"https:\/\/blog.skruttet.com\/?p=5434\">Forts\u00e4tt l\u00e4sa <span class=\"meta-nav\">&rarr;<\/span><\/a><\/p>\n","protected":false},"author":1,"featured_media":0,"comment_status":"open","ping_status":"open","sticky":false,"template":"","format":"standard","meta":[],"categories":[8,16],"tags":[],"_links":{"self":[{"href":"https:\/\/blog.skruttet.com\/index.php?rest_route=\/wp\/v2\/posts\/5434"}],"collection":[{"href":"https:\/\/blog.skruttet.com\/index.php?rest_route=\/wp\/v2\/posts"}],"about":[{"href":"https:\/\/blog.skruttet.com\/index.php?rest_route=\/wp\/v2\/types\/post"}],"author":[{"embeddable":true,"href":"https:\/\/blog.skruttet.com\/index.php?rest_route=\/wp\/v2\/users\/1"}],"replies":[{"embeddable":true,"href":"https:\/\/blog.skruttet.com\/index.php?rest_route=%2Fwp%2Fv2%2Fcomments&post=5434"}],"version-history":[{"count":5,"href":"https:\/\/blog.skruttet.com\/index.php?rest_route=\/wp\/v2\/posts\/5434\/revisions"}],"predecessor-version":[{"id":5438,"href":"https:\/\/blog.skruttet.com\/index.php?rest_route=\/wp\/v2\/posts\/5434\/revisions\/5438"}],"wp:attachment":[{"href":"https:\/\/blog.skruttet.com\/index.php?rest_route=%2Fwp%2Fv2%2Fmedia&parent=5434"}],"wp:term":[{"taxonomy":"category","embeddable":true,"href":"https:\/\/blog.skruttet.com\/index.php?rest_route=%2Fwp%2Fv2%2Fcategories&post=5434"},{"taxonomy":"post_tag","embeddable":true,"href":"https:\/\/blog.skruttet.com\/index.php?rest_route=%2Fwp%2Fv2%2Ftags&post=5434"}],"curies":[{"name":"wp","href":"https:\/\/api.w.org\/{rel}","templated":true}]}}