{"id":550,"date":"2008-04-02T09:54:21","date_gmt":"2008-04-02T07:54:21","guid":{"rendered":"http:\/\/-lever-i-karant"},"modified":"2008-04-02T09:54:21","modified_gmt":"2008-04-02T07:54:21","slug":"lever-i-karantan","status":"publish","type":"post","link":"https:\/\/blog.skruttet.com\/?p=550","title":{"rendered":"Lever i karant\u00e4n!"},"content":{"rendered":"<p><a href=\"http:\/\/bilder.bloggen.fi\/skruttet\/katt.jpg\"><img src=\"http:\/\/bilder.bloggen.fi\/skruttet\/thumb_katt.jpg\" align=\"right\" border=\"0\"><\/a><\/p>\n<div>Godmorgon alla vackra \u00e4nglar!!<\/div>\n<div>I dag k\u00e4nns allt b\u00e4ttre efter en ganska god natts\u00f6mn&#8230; Jag sover oftast bra men under \u00e5ret verkar det som om s\u00f6mnkvalit\u00e9ten har \u00e4ndrats&#8230; Jag vaknar l\u00e4ttare och kroppen k\u00e4nns s\u00e4llan riktigt utvilad&#8230;..<\/div>\n<div>Ett resultat av hormonbehandlingen? Det vet jag inte&#8230;.<\/div>\n<div>&nbsp;<\/div>\n<div>I dag \u00e4r det Onsdag, inget speciellt ut\u00f6ver det vanliga&#8230;. Jag ska strax njuta av frukost i lugn och ro&#8230;. Tillsammans med min fyrbenta lurviga sambo, som behagade st\u00e5 p\u00e5 trappan i g\u00e5r och ropa f\u00f6r full hals att: NU ville han minsann in&#8230;<\/div>\n<div>&nbsp;<\/div>\n<div>I kv\u00e4ll f\u00e5r min tillgivne v\u00e4n \u00e4ta till klockan 22&#8230; I morgon ska han till tant veterin\u00e4ren och kastreras, vaccineras o avmaskas&#8230;.. Det \u00e4r \u00e5terkomst g\u00e5van han f\u00e5r av \u00e4garen&#8230; =)<\/div>\n<div>S\u00e5 vidare f\u00f6rtjust \u00f6ver att \u00e4garen har f\u00e5tt r\u00e5det att h\u00e5lla honom inne tills dess, verkar han inte&#8230;<\/div>\n<div>&#8221;Nu f\u00e5r han leva i karant\u00e4n&#8221; sa jag n\u00e4r jag bokade tiden&#8230; <\/div>\n<div>\u00c4ngeln p\u00e5 mottagningen skrattade&#8230;. =))<\/div>\n<div>&nbsp;<\/div>\n<div>&nbsp;<\/div>\n","protected":false},"excerpt":{"rendered":"<p>Godmorgon alla vackra \u00e4nglar!! I dag k\u00e4nns allt b\u00e4ttre efter en ganska god natts\u00f6mn&#8230; Jag sover oftast bra men under \u00e5ret verkar det som om s\u00f6mnkvalit\u00e9ten har \u00e4ndrats&#8230; Jag vaknar l\u00e4ttare och kroppen k\u00e4nns s\u00e4llan riktigt utvilad&#8230;.. Ett resultat av &hellip; <a href=\"https:\/\/blog.skruttet.com\/?p=550\">Forts\u00e4tt l\u00e4sa <span class=\"meta-nav\">&rarr;<\/span><\/a><\/p>\n","protected":false},"author":1,"featured_media":0,"comment_status":"open","ping_status":"open","sticky":false,"template":"","format":"standard","meta":[],"categories":[9],"tags":[],"_links":{"self":[{"href":"https:\/\/blog.skruttet.com\/index.php?rest_route=\/wp\/v2\/posts\/550"}],"collection":[{"href":"https:\/\/blog.skruttet.com\/index.php?rest_route=\/wp\/v2\/posts"}],"about":[{"href":"https:\/\/blog.skruttet.com\/index.php?rest_route=\/wp\/v2\/types\/post"}],"author":[{"embeddable":true,"href":"https:\/\/blog.skruttet.com\/index.php?rest_route=\/wp\/v2\/users\/1"}],"replies":[{"embeddable":true,"href":"https:\/\/blog.skruttet.com\/index.php?rest_route=%2Fwp%2Fv2%2Fcomments&post=550"}],"version-history":[{"count":0,"href":"https:\/\/blog.skruttet.com\/index.php?rest_route=\/wp\/v2\/posts\/550\/revisions"}],"wp:attachment":[{"href":"https:\/\/blog.skruttet.com\/index.php?rest_route=%2Fwp%2Fv2%2Fmedia&parent=550"}],"wp:term":[{"taxonomy":"category","embeddable":true,"href":"https:\/\/blog.skruttet.com\/index.php?rest_route=%2Fwp%2Fv2%2Fcategories&post=550"},{"taxonomy":"post_tag","embeddable":true,"href":"https:\/\/blog.skruttet.com\/index.php?rest_route=%2Fwp%2Fv2%2Ftags&post=550"}],"curies":[{"name":"wp","href":"https:\/\/api.w.org\/{rel}","templated":true}]}}