{"id":558,"date":"2008-04-05T20:49:24","date_gmt":"2008-04-05T18:49:24","guid":{"rendered":"http:\/\/inl"},"modified":"2008-04-05T20:49:24","modified_gmt":"2008-04-05T18:49:24","slug":"inlagg-frayn-mobilen-3","status":"publish","type":"post","link":"https:\/\/blog.skruttet.com\/?p=558","title":{"rendered":"Inl\u00e4gg fr\u00e5n mobilen"},"content":{"rendered":"<p>Allt v\u00e4l! Bar i v\u00e4g p\u00e5 en oanad \u00c4nglafest&#8230; Cidern smakar gott =) \u00c4nglakram!<\/p>\n","protected":false},"excerpt":{"rendered":"<p>Allt v\u00e4l! Bar i v\u00e4g p\u00e5 en oanad \u00c4nglafest&#8230; Cidern smakar gott =) \u00c4nglakram!<\/p>\n","protected":false},"author":1,"featured_media":0,"comment_status":"open","ping_status":"open","sticky":false,"template":"","format":"standard","meta":[],"categories":[9],"tags":[],"_links":{"self":[{"href":"https:\/\/blog.skruttet.com\/index.php?rest_route=\/wp\/v2\/posts\/558"}],"collection":[{"href":"https:\/\/blog.skruttet.com\/index.php?rest_route=\/wp\/v2\/posts"}],"about":[{"href":"https:\/\/blog.skruttet.com\/index.php?rest_route=\/wp\/v2\/types\/post"}],"author":[{"embeddable":true,"href":"https:\/\/blog.skruttet.com\/index.php?rest_route=\/wp\/v2\/users\/1"}],"replies":[{"embeddable":true,"href":"https:\/\/blog.skruttet.com\/index.php?rest_route=%2Fwp%2Fv2%2Fcomments&post=558"}],"version-history":[{"count":0,"href":"https:\/\/blog.skruttet.com\/index.php?rest_route=\/wp\/v2\/posts\/558\/revisions"}],"wp:attachment":[{"href":"https:\/\/blog.skruttet.com\/index.php?rest_route=%2Fwp%2Fv2%2Fmedia&parent=558"}],"wp:term":[{"taxonomy":"category","embeddable":true,"href":"https:\/\/blog.skruttet.com\/index.php?rest_route=%2Fwp%2Fv2%2Fcategories&post=558"},{"taxonomy":"post_tag","embeddable":true,"href":"https:\/\/blog.skruttet.com\/index.php?rest_route=%2Fwp%2Fv2%2Ftags&post=558"}],"curies":[{"name":"wp","href":"https:\/\/api.w.org\/{rel}","templated":true}]}}