{"id":5589,"date":"2014-02-04T17:53:26","date_gmt":"2014-02-04T15:53:26","guid":{"rendered":"http:\/\/www.skruttet.com\/?p=5589"},"modified":"2014-02-04T17:53:26","modified_gmt":"2014-02-04T15:53:26","slug":"ur-ett-lurvigt-perspektiv","status":"publish","type":"post","link":"https:\/\/blog.skruttet.com\/?p=5589","title":{"rendered":"Ur ett lurvigt perspektiv&#8230;"},"content":{"rendered":"<p>Tisdag<br \/>\nV\u00e4ggkalendern visar ny m\u00e5nad och kortaste februari \u00e4r h\u00e4r.<br \/>\nKalenderbilden \u00e4r vacker, skuggan av tv\u00e5 m\u00e4nniskor och \u00e4r det kanske en midvinter sol?<br \/>\nVet inte. Och det spelar egentligen ingen roll. Sol som sol.<br \/>\nLika vacker \u00e4r den i alla skepnader.<\/p>\n<p>Mera sn\u00f6 har kommit. Det r\u00e4cker nu tycker jag!<br \/>\nDe lurviga filurerna surar och g\u00e5r inte ut mer \u00e4n vad n\u00f6den kr\u00e4ver.<br \/>\nDe tycker inte om sn\u00f6&#8230;.<\/p>\n<p><a href=\"http:\/\/www.skruttet.com\/?attachment_id=5590\" rel=\"attachment wp-att-5590\"><img loading=\"lazy\" class=\"alignright size-medium wp-image-5590\" alt=\"tass\" src=\"http:\/\/www.skruttet.com\/blog\/wp-content\/uploads\/2014\/02\/tass-300x218.jpg\" width=\"300\" height=\"218\" srcset=\"https:\/\/blog.skruttet.com\/wp-content\/uploads\/2014\/02\/tass-300x218.jpg 300w, https:\/\/blog.skruttet.com\/wp-content\/uploads\/2014\/02\/tass.jpg 500w\" sizes=\"(max-width: 300px) 100vw, 300px\" \/><\/a>&#8230;N\u00e4! I st\u00e4llet roar vi oss med att br\u00e5ka och att ta varandras plats s\u00e5d\u00e4r &#8221;bara f\u00f6r att&#8221;.<br \/>\nDet b\u00e4sta vi vet \u00e4r att v\u00e4cka upp den som sover, vifta med en revirh\u00e4vdande tass och s\u00e4ga: -Ha! Jag var minsann h\u00e4r F\u00d6RST.<br \/>\nOch ibland s\u00e4ger de vi bor med:<br \/>\n-NU r\u00e4cker det, nu \u00e4r det bra!<\/p>\n<p>Senare \u00e4r br\u00e5ket som bortbl\u00e5st och vi ligger t\u00e4tt ihop i den mjuka soffans ena h\u00f6rn.\u00a0D\u00e5 ska det mysas minsann. Vi \u00a0tv\u00e4ttar varandra och blir s\u00e5 fina. Ingenting annat spelar n\u00e5gon roll. D\u00e5 betyder det f\u00f6ga vem som \u00e4r st\u00f6rst eller var d\u00e4r f\u00f6rst.<\/p>\n<p>Vi brukar ofta vara med n\u00e4r hon vi bor med skriver. Det tycker vi om!\u00a0Ofta ligger n\u00e5n av oss, spinnande och h\u00e5rar ner hennes famn.\u00a0Kanske skriver hon n\u00e5got om oss luringar? Det g\u00f6r hon nog i bland. Och s\u00e5 l\u00e4nge hon skriver n\u00e5t sn\u00e4llt s\u00e5 \u00e4r det okej!\u00a0F\u00f6r&#8230; det g\u00f6r hon v\u00e4l?<\/p>\n<p>Nu prasslar p\u00e5sar! Det betyder K\u00c4K, det kan jag inte missa!!<br \/>\nTack f\u00f6r mig och hej p\u00e5 dig!<\/p>\n<p>(Bilden \u00e4r googlad)<\/p>\n","protected":false},"excerpt":{"rendered":"<p>Tisdag V\u00e4ggkalendern visar ny m\u00e5nad och kortaste februari \u00e4r h\u00e4r. Kalenderbilden \u00e4r vacker, skuggan av tv\u00e5 m\u00e4nniskor och \u00e4r det kanske en midvinter sol? Vet inte. Och det spelar egentligen ingen roll. Sol som sol. Lika vacker \u00e4r den i &hellip; <a href=\"https:\/\/blog.skruttet.com\/?p=5589\">Forts\u00e4tt l\u00e4sa <span class=\"meta-nav\">&rarr;<\/span><\/a><\/p>\n","protected":false},"author":1,"featured_media":0,"comment_status":"open","ping_status":"open","sticky":false,"template":"","format":"standard","meta":[],"categories":[16],"tags":[],"_links":{"self":[{"href":"https:\/\/blog.skruttet.com\/index.php?rest_route=\/wp\/v2\/posts\/5589"}],"collection":[{"href":"https:\/\/blog.skruttet.com\/index.php?rest_route=\/wp\/v2\/posts"}],"about":[{"href":"https:\/\/blog.skruttet.com\/index.php?rest_route=\/wp\/v2\/types\/post"}],"author":[{"embeddable":true,"href":"https:\/\/blog.skruttet.com\/index.php?rest_route=\/wp\/v2\/users\/1"}],"replies":[{"embeddable":true,"href":"https:\/\/blog.skruttet.com\/index.php?rest_route=%2Fwp%2Fv2%2Fcomments&post=5589"}],"version-history":[{"count":1,"href":"https:\/\/blog.skruttet.com\/index.php?rest_route=\/wp\/v2\/posts\/5589\/revisions"}],"predecessor-version":[{"id":5591,"href":"https:\/\/blog.skruttet.com\/index.php?rest_route=\/wp\/v2\/posts\/5589\/revisions\/5591"}],"wp:attachment":[{"href":"https:\/\/blog.skruttet.com\/index.php?rest_route=%2Fwp%2Fv2%2Fmedia&parent=5589"}],"wp:term":[{"taxonomy":"category","embeddable":true,"href":"https:\/\/blog.skruttet.com\/index.php?rest_route=%2Fwp%2Fv2%2Fcategories&post=5589"},{"taxonomy":"post_tag","embeddable":true,"href":"https:\/\/blog.skruttet.com\/index.php?rest_route=%2Fwp%2Fv2%2Ftags&post=5589"}],"curies":[{"name":"wp","href":"https:\/\/api.w.org\/{rel}","templated":true}]}}