{"id":5592,"date":"2014-02-06T17:06:38","date_gmt":"2014-02-06T15:06:38","guid":{"rendered":"http:\/\/www.skruttet.com\/?p=5592"},"modified":"2014-02-06T17:14:52","modified_gmt":"2014-02-06T15:14:52","slug":"alla-dagar-ar-inte-bra","status":"publish","type":"post","link":"https:\/\/blog.skruttet.com\/?p=5592","title":{"rendered":"Alla dagar \u00e4r inte bra&#8230;"},"content":{"rendered":"<p>Ny dag.<br \/>\nTvekar en stund innan jag l\u00e5ter fingrarna m\u00f6ta tangentbordet.<br \/>\nVad vill jag skriva i dag? Vad har jag p\u00e5 hj\u00e4rtat s\u00e4g?<\/p>\n<p>&#8217;Usch, bl\u00e4\u00e4 och fy&#8217; lampan tycks lysa starkt i dag. Och som bortbl\u00e5st \u00e4r mitt positiva drag.<br \/>\nKroppen protesterar vilt. En rej\u00e4l tr\u00e4ningsv\u00e4rk har jag.\u00a0G\u00e5rdagens ledda tr\u00e4ningspass tog p\u00e5 bra.\u00a0Sakta vaknar motivationen till tr\u00e4ning. Det g\u00e5r segt. \u00a0Lika segt som att bita av svansen p\u00e5 den segaste godisr\u00e5ttan i p\u00e5sen.<br \/>\nMotivationen kommer i takt med att de nya f\u00f6rm\u00e5gorna blir stabilare och kroppen r\u00f6rligare. \u00a0Jag vet. &#8221;Du skulle inte ha kommit s\u00e5 l\u00e5ngt som jag gjort om det inte vore f\u00f6r all tr\u00e4ning.&#8221; Det f\u00e5r jag ofta h\u00f6ra.<\/p>\n<p><a href=\"http:\/\/www.skruttet.com\/?attachment_id=5593\" rel=\"attachment wp-att-5593\"><img loading=\"lazy\" class=\"alignright size-medium wp-image-5593\" alt=\"skitdag\" src=\"http:\/\/www.skruttet.com\/blog\/wp-content\/uploads\/2014\/02\/skitdag-300x262.jpg\" width=\"300\" height=\"262\" srcset=\"https:\/\/blog.skruttet.com\/wp-content\/uploads\/2014\/02\/skitdag-300x262.jpg 300w, https:\/\/blog.skruttet.com\/wp-content\/uploads\/2014\/02\/skitdag.jpg 638w\" sizes=\"(max-width: 300px) 100vw, 300px\" \/><\/a>Orden har blivit en hatad fras.<br \/>\nEn fras som f\u00e5r mig att vilja spy!<\/p>\n<p>Det h\u00e4nder titt som t\u00e4tt att jag f\u00e5r bita mig i tungan n\u00e5gra g\u00e5nger f\u00f6r att inte vara on\u00f6dig mot n\u00e5gon som ju egentligen bara menar v\u00e4l. Och nog har det funnits g\u00e5nger d\u00e5 jag fr\u00e4st till! Ibland totalt i on\u00f6dan och i bland med all r\u00e4tt.<\/p>\n<p>Hum\u00f6ret \u00e4r inte det b\u00e4sta.<br \/>\nMycket k\u00e4nns bara nej!<br \/>\nVilken tur att jag har f\u00e5tt vara ensam i dag.<\/p>\n<p>Skitdag. PUNKT!\u00a0I morgon tar vi nya tag!<\/p>\n<p>(Googlad bild)<\/p>\n","protected":false},"excerpt":{"rendered":"<p>Ny dag. Tvekar en stund innan jag l\u00e5ter fingrarna m\u00f6ta tangentbordet. Vad vill jag skriva i dag? Vad har jag p\u00e5 hj\u00e4rtat s\u00e4g? &#8217;Usch, bl\u00e4\u00e4 och fy&#8217; lampan tycks lysa starkt i dag. Och som bortbl\u00e5st \u00e4r mitt positiva drag. &hellip; <a href=\"https:\/\/blog.skruttet.com\/?p=5592\">Forts\u00e4tt l\u00e4sa <span class=\"meta-nav\">&rarr;<\/span><\/a><\/p>\n","protected":false},"author":1,"featured_media":0,"comment_status":"open","ping_status":"open","sticky":false,"template":"","format":"standard","meta":[],"categories":[16],"tags":[],"_links":{"self":[{"href":"https:\/\/blog.skruttet.com\/index.php?rest_route=\/wp\/v2\/posts\/5592"}],"collection":[{"href":"https:\/\/blog.skruttet.com\/index.php?rest_route=\/wp\/v2\/posts"}],"about":[{"href":"https:\/\/blog.skruttet.com\/index.php?rest_route=\/wp\/v2\/types\/post"}],"author":[{"embeddable":true,"href":"https:\/\/blog.skruttet.com\/index.php?rest_route=\/wp\/v2\/users\/1"}],"replies":[{"embeddable":true,"href":"https:\/\/blog.skruttet.com\/index.php?rest_route=%2Fwp%2Fv2%2Fcomments&post=5592"}],"version-history":[{"count":5,"href":"https:\/\/blog.skruttet.com\/index.php?rest_route=\/wp\/v2\/posts\/5592\/revisions"}],"predecessor-version":[{"id":5598,"href":"https:\/\/blog.skruttet.com\/index.php?rest_route=\/wp\/v2\/posts\/5592\/revisions\/5598"}],"wp:attachment":[{"href":"https:\/\/blog.skruttet.com\/index.php?rest_route=%2Fwp%2Fv2%2Fmedia&parent=5592"}],"wp:term":[{"taxonomy":"category","embeddable":true,"href":"https:\/\/blog.skruttet.com\/index.php?rest_route=%2Fwp%2Fv2%2Fcategories&post=5592"},{"taxonomy":"post_tag","embeddable":true,"href":"https:\/\/blog.skruttet.com\/index.php?rest_route=%2Fwp%2Fv2%2Ftags&post=5592"}],"curies":[{"name":"wp","href":"https:\/\/api.w.org\/{rel}","templated":true}]}}