{"id":5612,"date":"2014-02-08T23:52:26","date_gmt":"2014-02-08T21:52:26","guid":{"rendered":"http:\/\/www.skruttet.com\/?p=5612"},"modified":"2014-02-17T18:58:14","modified_gmt":"2014-02-17T16:58:14","slug":"5612","status":"publish","type":"post","link":"https:\/\/blog.skruttet.com\/?p=5612","title":{"rendered":"Kvalitetstid&#8230;"},"content":{"rendered":"<p>L\u00f6rdag.<br \/>\nDet har v\u00e4xlat mellan n\u00e5gon minus till noll och v\u00e4rmegrader idag.<br \/>\nEn trevlig och h\u00e4ndelserik dag har det varit. En dag fylld av m\u00e4nniskom\u00f6ten.<br \/>\nMed b\u00e5de stora och sm\u00e5.<br \/>\nH\u00e4rliga och givande!<\/p>\n<p><a href=\"http:\/\/www.skruttet.com\/?attachment_id=5613\" rel=\"attachment wp-att-5613\"><img loading=\"lazy\" class=\"alignright size-medium wp-image-5613\" alt=\"rode-roos\" src=\"http:\/\/www.skruttet.com\/blog\/wp-content\/uploads\/2014\/02\/rode-roos-300x200.jpg\" width=\"300\" height=\"200\" srcset=\"https:\/\/blog.skruttet.com\/wp-content\/uploads\/2014\/02\/rode-roos-300x200.jpg 300w, https:\/\/blog.skruttet.com\/wp-content\/uploads\/2014\/02\/rode-roos.jpg 615w\" sizes=\"(max-width: 300px) 100vw, 300px\" \/><\/a>Det har \u00e4ven funnits tid f\u00f6r ordleken, s\u00e5 v\u00e4l h\u00e4r p\u00e5 bloggen som utanf\u00f6r.<br \/>\nI varierande form. Att bara l\u00e5ta tankarna fl\u00f6da och sl\u00e4ppa ut orden p\u00e5 pappret.<br \/>\nDet kommer det som komma ska.<br \/>\nOch jag \u00e4gnar inte en tanke till att det ska vara vackert eller l\u00e5ta bra.<\/p>\n<p>Det r\u00e5der brist p\u00e5 fantasi vad g\u00e4ller matlagning har just nu.<br \/>\nOfta blir det n\u00e5got med malet k\u00f6tt eller gryta.\u00a0Gr\u00f6t, kr\u00e4m och br\u00f6d fick det bli i kv\u00e4ll.<\/p>\n<p>Kv\u00e4llen har varit lugn och sk\u00f6n. Ljusen har spridit v\u00e4ldoft i v\u00e5rt hem.<br \/>\nVi har f\u00f6ljt Melodifestivalens andra delt\u00e4vling. Tyckt och t\u00e4nkt om s\u00e5 v\u00e4l artister som musik. Kom r\u00e4tt l\u00e5t vidare?<\/p>\n<p>Vi nickade. Samtidigt som vi tuggade lite nachos och \u00a0drack en kaffekopp &#8211; bara vi tv\u00e5.<br \/>\nKvalitetstid. Precis vad vi beh\u00f6vde. Precis d\u00e5.<br \/>\nEn s\u00e4mre l\u00f6rdag kan man ha!<\/p>\n<p>En god natt till dig \u00f6nskar jag,<br \/>\n\u00c4nglakramar!!<\/p>\n<p>(Bilden \u00e4r googlad)<\/p>\n<p style=\"text-align: center;\"><a href=\"http:\/\/www.youtube.com\/watch?v=x5QEVKD-xqw\" target=\"_blank\">Sanna Nielsen &#8211; Undo<\/a><\/p>\n","protected":false},"excerpt":{"rendered":"<p>L\u00f6rdag. Det har v\u00e4xlat mellan n\u00e5gon minus till noll och v\u00e4rmegrader idag. En trevlig och h\u00e4ndelserik dag har det varit. En dag fylld av m\u00e4nniskom\u00f6ten. Med b\u00e5de stora och sm\u00e5. H\u00e4rliga och givande! Det har \u00e4ven funnits tid f\u00f6r ordleken, &hellip; <a href=\"https:\/\/blog.skruttet.com\/?p=5612\">Forts\u00e4tt l\u00e4sa <span class=\"meta-nav\">&rarr;<\/span><\/a><\/p>\n","protected":false},"author":1,"featured_media":0,"comment_status":"open","ping_status":"open","sticky":false,"template":"","format":"standard","meta":[],"categories":[8,16],"tags":[58,57],"_links":{"self":[{"href":"https:\/\/blog.skruttet.com\/index.php?rest_route=\/wp\/v2\/posts\/5612"}],"collection":[{"href":"https:\/\/blog.skruttet.com\/index.php?rest_route=\/wp\/v2\/posts"}],"about":[{"href":"https:\/\/blog.skruttet.com\/index.php?rest_route=\/wp\/v2\/types\/post"}],"author":[{"embeddable":true,"href":"https:\/\/blog.skruttet.com\/index.php?rest_route=\/wp\/v2\/users\/1"}],"replies":[{"embeddable":true,"href":"https:\/\/blog.skruttet.com\/index.php?rest_route=%2Fwp%2Fv2%2Fcomments&post=5612"}],"version-history":[{"count":8,"href":"https:\/\/blog.skruttet.com\/index.php?rest_route=\/wp\/v2\/posts\/5612\/revisions"}],"predecessor-version":[{"id":5653,"href":"https:\/\/blog.skruttet.com\/index.php?rest_route=\/wp\/v2\/posts\/5612\/revisions\/5653"}],"wp:attachment":[{"href":"https:\/\/blog.skruttet.com\/index.php?rest_route=%2Fwp%2Fv2%2Fmedia&parent=5612"}],"wp:term":[{"taxonomy":"category","embeddable":true,"href":"https:\/\/blog.skruttet.com\/index.php?rest_route=%2Fwp%2Fv2%2Fcategories&post=5612"},{"taxonomy":"post_tag","embeddable":true,"href":"https:\/\/blog.skruttet.com\/index.php?rest_route=%2Fwp%2Fv2%2Ftags&post=5612"}],"curies":[{"name":"wp","href":"https:\/\/api.w.org\/{rel}","templated":true}]}}