{"id":5623,"date":"2014-02-10T14:37:49","date_gmt":"2014-02-10T12:37:49","guid":{"rendered":"http:\/\/www.skruttet.com\/?p=5623"},"modified":"2014-02-11T14:22:21","modified_gmt":"2014-02-11T12:22:21","slug":"forlat-mina-tvivel-efterlangtade-och-alskade-barn","status":"publish","type":"post","link":"https:\/\/blog.skruttet.com\/?p=5623","title":{"rendered":"F\u00f6rl\u00e5t mina tvivel &#8211; efterl\u00e4ngtade och \u00e4lskade barn!"},"content":{"rendered":"<p>M\u00e5ndag.<br \/>\nBlandad musik fl\u00f6dar ur h\u00f6gtalarna. Ljus brinner i n\u00e5gra lyktor.<br \/>\nI dag \u00e4r en l\u00e4ngtans dag.\u00a0L\u00e5nga tider har l\u00e4ngtan och v\u00e4ntan g\u00e5tt bra att b\u00e4ra.<br \/>\nMen i dag sm\u00e4rtar den och i hj\u00e4rtat sl\u00e5r slagen av l\u00e4ngtan intensivt.<br \/>\nMed kraft.<\/p>\n<p>\u00d6ver 3 \u00e5r har passerat sedan familjeplaneringen tog sin b\u00f6rjan.<br \/>\nPapper med svar p\u00e5 n\u00e4rg\u00e5ngna fr\u00e5gor, kursmaterial och diverse intyg finns placerat i v\u00e5rt lilla hemarkiv. M\u00e5nga har slutat fr\u00e5ga hur det g\u00e5r.\u00a0Fr\u00e5gorna avtog och n\u00e4r avslaget blev v\u00e5r giv, s\u00e5 tog i st\u00e4llet m\u00e5ll\u00f6shet och tystnad vid.<\/p>\n<p>3 \u00e5r av v\u00e4ntan och l\u00e4ngtan. S\u00e4g hur orkar man? Hur h\u00e5ller man hoppet vid liv?<br \/>\nJag har ingen aning! Men jag vet \u00e4r att 3 \u00e5r \u00e4r l\u00e5ng tid. F\u00f6r l\u00e4ngesedan skrev jag om v\u00e4ntan utan tidsperspektiv. Och fast jag s\u00e5 att s\u00e4ga har f\u00e5tt \u00f6vat, s\u00e5 \u00e4r det nog ingenting som jag har blivit b\u00e4ttre p\u00e5 under \u00e5rens lopp. Det \u00e4r en insikt.<\/p>\n<p>Under f\u00f6rmiddagen har jag l\u00e4st mina ord fr\u00e5n f\u00f6rr. I ett f\u00f6rs\u00f6k att se allt ur ett annat perspektiv. Vilket lyckades mindre bra. Det ska villigt erk\u00e4nnas.<br \/>\nUpp v\u00e4llde t\u00e5rar. jag k\u00e4nde mig s\u00e5 barnsligt naiv. (Kategorin f\u00f6r processen finns\u00a0<a href=\"http:\/\/www.skruttet.com\/?cat=3\" target=\"_blank\">h\u00e4r<\/a>)<\/p>\n<p><a href=\"http:\/\/www.skruttet.com\/?attachment_id=5624\" rel=\"attachment wp-att-5624\"><img loading=\"lazy\" class=\"alignright size-medium wp-image-5624\" alt=\"mother-child-holding-hands\" src=\"http:\/\/www.skruttet.com\/blog\/wp-content\/uploads\/2014\/02\/mother-child-holding-hands-300x199.jpg\" width=\"300\" height=\"199\" srcset=\"https:\/\/blog.skruttet.com\/wp-content\/uploads\/2014\/02\/mother-child-holding-hands-300x199.jpg 300w, https:\/\/blog.skruttet.com\/wp-content\/uploads\/2014\/02\/mother-child-holding-hands.jpg 849w\" sizes=\"(max-width: 300px) 100vw, 300px\" \/><\/a>Vilket hopp! Vilken framtidstro!<\/p>\n<p>Just i dag g\u00e4star ist\u00e4llet tvivlet, brist p\u00e5 positivt t\u00e4nkande och energi.<br \/>\nIst\u00e4llet undrar jag f\u00f6r miljonte g\u00e5ngen: S\u00e4g f\u00e5r vi n\u00e5nsin \u00f6ppna v\u00e5rt hem? Kommer familjen att n\u00e5nsin bli hel? \u00a0Ska det vara s\u00e5 sv\u00e5rt? Och till vilket pris??<\/p>\n<p>Os\u00e4kerhetens tvivel regerar i stora m\u00e5tt! Blir jag en bra f\u00f6r\u00e4lder? Med min neds\u00e4ttning? R\u00e4cker det med min innerliga k\u00e4rlek och ett l\u00f6fte om att jag fysiskt ska g\u00f6ra s\u00e5 gott jag kan? Men jag vill s\u00e5 mycket, mycket mer.<\/p>\n<p>F\u00f6rl\u00e5t mina tvivel &#8211; du efterl\u00e4ngtade och \u00e4lskade barn!<br \/>\nMen jag l\u00e4ngtar och saknar s\u00e5 vansinnigt mycket i dag.<\/p>\n<p><a href=\"http:\/\/www.youtube.com\/watch?v=h7Ld9npf95Q\">Angel &#8211; Lionel Richie<\/a><\/p>\n<p>&nbsp;<\/p>\n<p>(Bilden \u00e4r googlad)<\/p>\n","protected":false},"excerpt":{"rendered":"<p>M\u00e5ndag. Blandad musik fl\u00f6dar ur h\u00f6gtalarna. Ljus brinner i n\u00e5gra lyktor. I dag \u00e4r en l\u00e4ngtans dag.\u00a0L\u00e5nga tider har l\u00e4ngtan och v\u00e4ntan g\u00e5tt bra att b\u00e4ra. Men i dag sm\u00e4rtar den och i hj\u00e4rtat sl\u00e5r slagen av l\u00e4ngtan intensivt. Med &hellip; <a href=\"https:\/\/blog.skruttet.com\/?p=5623\">Forts\u00e4tt l\u00e4sa <span class=\"meta-nav\">&rarr;<\/span><\/a><\/p>\n","protected":false},"author":1,"featured_media":0,"comment_status":"open","ping_status":"open","sticky":false,"template":"","format":"standard","meta":[],"categories":[8,25,14,24],"tags":[60,59],"_links":{"self":[{"href":"https:\/\/blog.skruttet.com\/index.php?rest_route=\/wp\/v2\/posts\/5623"}],"collection":[{"href":"https:\/\/blog.skruttet.com\/index.php?rest_route=\/wp\/v2\/posts"}],"about":[{"href":"https:\/\/blog.skruttet.com\/index.php?rest_route=\/wp\/v2\/types\/post"}],"author":[{"embeddable":true,"href":"https:\/\/blog.skruttet.com\/index.php?rest_route=\/wp\/v2\/users\/1"}],"replies":[{"embeddable":true,"href":"https:\/\/blog.skruttet.com\/index.php?rest_route=%2Fwp%2Fv2%2Fcomments&post=5623"}],"version-history":[{"count":10,"href":"https:\/\/blog.skruttet.com\/index.php?rest_route=\/wp\/v2\/posts\/5623\/revisions"}],"predecessor-version":[{"id":5634,"href":"https:\/\/blog.skruttet.com\/index.php?rest_route=\/wp\/v2\/posts\/5623\/revisions\/5634"}],"wp:attachment":[{"href":"https:\/\/blog.skruttet.com\/index.php?rest_route=%2Fwp%2Fv2%2Fmedia&parent=5623"}],"wp:term":[{"taxonomy":"category","embeddable":true,"href":"https:\/\/blog.skruttet.com\/index.php?rest_route=%2Fwp%2Fv2%2Fcategories&post=5623"},{"taxonomy":"post_tag","embeddable":true,"href":"https:\/\/blog.skruttet.com\/index.php?rest_route=%2Fwp%2Fv2%2Ftags&post=5623"}],"curies":[{"name":"wp","href":"https:\/\/api.w.org\/{rel}","templated":true}]}}