{"id":566,"date":"2008-04-14T15:12:24","date_gmt":"2008-04-14T13:12:24","guid":{"rendered":"http:\/\/som-en-ouppbl"},"modified":"2008-04-14T15:12:24","modified_gmt":"2008-04-14T13:12:24","slug":"som-en-ouppblayst-ballong","status":"publish","type":"post","link":"https:\/\/blog.skruttet.com\/?p=566","title":{"rendered":"Som en ouppbl\u00e5st ballong&#8230;."},"content":{"rendered":"<p><a href=\"http:\/\/bilder.bloggen.fi\/skruttet\/Rannsvtn.JPG\"><img src=\"http:\/\/bilder.bloggen.fi\/skruttet\/thumb_Rannsvtn.JPG\" align=\"right\" border=\"0\"><\/a><\/p>\n<div>Hall\u00e5 alla \u00c4nglar!<\/div>\n<div>Det sker inget speciellt h\u00e4r i palatset i dag. Sitter framf\u00f6r datorn, sl\u00f6surfar och lyssnar p\u00e5 musik.. Jag vill skriva men k\u00e4nslorna vill inte formas till ord&#8230;.<\/div>\n<div>Jag f\u00f6rs\u00f6ker \u00e4nd\u00e5&#8230;.<\/div>\n<div>&nbsp;<\/div>\n<div>K\u00e4nner mig vilsen trots att jag har f\u00e5tt klara och tydliga anvisningar med hur jag ska g\u00e5 till v\u00e4ga med saker&#8230;<\/div>\n<div>&nbsp;<\/div>\n<div>K\u00e4nner mig misstrodd p.g.a en enda kommentar och ett enda ansiktsuttryck som varade i n\u00e5gra minuter h\u00f6gst&#8230;<\/div>\n<div>Att n\u00e5gon stunden efter visade och bekr\u00e4ftade motsattsen f\u00f6r mig, mitt framf\u00f6r \u00f6gonen p\u00e5 den andre, spelar ingen st\u00f6rre roll&#8230;. <\/div>\n<div>Foten \u00e4r redan lyft, jag har redan blivit p\u00e5trampad!<\/div>\n<div>&nbsp;<\/div>\n<div>Fan \u00e4nd\u00e5, att s\u00e5\u00e5\u00e5 lite ska f\u00f6rst\u00f6ra det mod och den stolthet som jag under s\u00e5 l\u00e5ng tid har&nbsp;k\u00e4mpat tillsammans med \u00e4nglarna f\u00f6r att \u00e5terf\u00e5!!<\/div>\n<div>&nbsp;<\/div>\n<div>K\u00e4nner mig lika tom p\u00e5 luft som en ouppbl\u00e5st ballong&#8230;&nbsp;<\/div>\n","protected":false},"excerpt":{"rendered":"<p>Hall\u00e5 alla \u00c4nglar! Det sker inget speciellt h\u00e4r i palatset i dag. Sitter framf\u00f6r datorn, sl\u00f6surfar och lyssnar p\u00e5 musik.. Jag vill skriva men k\u00e4nslorna vill inte formas till ord&#8230;. Jag f\u00f6rs\u00f6ker \u00e4nd\u00e5&#8230;. &nbsp; K\u00e4nner mig vilsen trots att jag &hellip; <a href=\"https:\/\/blog.skruttet.com\/?p=566\">Forts\u00e4tt l\u00e4sa <span class=\"meta-nav\">&rarr;<\/span><\/a><\/p>\n","protected":false},"author":1,"featured_media":0,"comment_status":"open","ping_status":"open","sticky":false,"template":"","format":"standard","meta":[],"categories":[11,14],"tags":[],"_links":{"self":[{"href":"https:\/\/blog.skruttet.com\/index.php?rest_route=\/wp\/v2\/posts\/566"}],"collection":[{"href":"https:\/\/blog.skruttet.com\/index.php?rest_route=\/wp\/v2\/posts"}],"about":[{"href":"https:\/\/blog.skruttet.com\/index.php?rest_route=\/wp\/v2\/types\/post"}],"author":[{"embeddable":true,"href":"https:\/\/blog.skruttet.com\/index.php?rest_route=\/wp\/v2\/users\/1"}],"replies":[{"embeddable":true,"href":"https:\/\/blog.skruttet.com\/index.php?rest_route=%2Fwp%2Fv2%2Fcomments&post=566"}],"version-history":[{"count":0,"href":"https:\/\/blog.skruttet.com\/index.php?rest_route=\/wp\/v2\/posts\/566\/revisions"}],"wp:attachment":[{"href":"https:\/\/blog.skruttet.com\/index.php?rest_route=%2Fwp%2Fv2%2Fmedia&parent=566"}],"wp:term":[{"taxonomy":"category","embeddable":true,"href":"https:\/\/blog.skruttet.com\/index.php?rest_route=%2Fwp%2Fv2%2Fcategories&post=566"},{"taxonomy":"post_tag","embeddable":true,"href":"https:\/\/blog.skruttet.com\/index.php?rest_route=%2Fwp%2Fv2%2Ftags&post=566"}],"curies":[{"name":"wp","href":"https:\/\/api.w.org\/{rel}","templated":true}]}}