{"id":569,"date":"2008-04-16T13:16:33","date_gmt":"2008-04-16T11:16:33","guid":{"rendered":"http:\/\/vilse-i-sm"},"modified":"2008-04-16T13:16:33","modified_gmt":"2008-04-16T11:16:33","slug":"vilse-i-smartans-marker","status":"publish","type":"post","link":"https:\/\/blog.skruttet.com\/?p=569","title":{"rendered":"Vilse i sm\u00e4rtans m\u00f6rker"},"content":{"rendered":"<p><a href=\"http:\/\/bilder.bloggen.fi\/skruttet\/m\u00f6rker.JPG\"><img src=\"http:\/\/bilder.bloggen.fi\/skruttet\/thumb_m\u00f6rker.JPG\" align=\"right\" border=\"0\"><\/a><\/p>\n<div class=\"MsoNormal\">Kommer att numrera inl\u00e4ggen s\u00e5 att de l\u00e4ses i r\u00e4tt ordning&#8230;.<\/div>\n<div class=\"MsoNormal\">&nbsp;<\/div>\n<div class=\"MsoNormal\"><b><u>NR 1\/4:<br \/><\/u><\/b><\/div>\n<div class=\"MsoNormal\">Jag l\u00e4gger fingrarna p\u00e5 tangentbordet och k\u00e4nslan som jag b\u00e4r i mitt inre kommer upp till ytan. Vem \u00e4r jag? Vart tog jag v\u00e4gen? Borta \u00e4r Skruttet med skinn p\u00e5 n\u00e4san\u2026.Borta \u00e4r tron p\u00e5 mig sj\u00e4lv. <\/div>\n<div class=\"MsoNormal\">Hon ersattes av ett Skrutt som n\u00e4stan urs\u00e4ktar sig f\u00f6r sin existens, r\u00e4dd att g\u00f6ra fel, r\u00e4dd att vara till besv\u00e4r\u2026Blir hon trampad p\u00e5 av n\u00e5gon som tror sig veta hur allting \u00e4r\u2026. D\u00e5 \u00f6verreagerar jag kanske lite ibland, men stundens k\u00e4nsla av vanmakt och hoppl\u00f6shet g\u00f6r att&nbsp;jag oftast faller\u2026.. R\u00e4dd f\u00f6r vad som \u00e4r fel&#8230; R\u00e4dd f\u00f6r vad som ska hittas n\u00e4sta g\u00e5ng&nbsp;jag unders\u00f6ks&#8230;. R\u00c4DD f\u00f6r att f\u00f6rlora mer \u00e4n vad jag redan gjort&#8230;<\/div>\n<div class=\"MsoNormal\">S\u00e5 ser tillvaron ut n\u00e4r draken g\u00e4star mig\u2026.<\/div>\n","protected":false},"excerpt":{"rendered":"<p>Kommer att numrera inl\u00e4ggen s\u00e5 att de l\u00e4ses i r\u00e4tt ordning&#8230;. &nbsp; NR 1\/4: Jag l\u00e4gger fingrarna p\u00e5 tangentbordet och k\u00e4nslan som jag b\u00e4r i mitt inre kommer upp till ytan. Vem \u00e4r jag? Vart tog jag v\u00e4gen? Borta \u00e4r &hellip; <a href=\"https:\/\/blog.skruttet.com\/?p=569\">Forts\u00e4tt l\u00e4sa <span class=\"meta-nav\">&rarr;<\/span><\/a><\/p>\n","protected":false},"author":1,"featured_media":0,"comment_status":"open","ping_status":"open","sticky":false,"template":"","format":"standard","meta":[],"categories":[11,12,14],"tags":[],"_links":{"self":[{"href":"https:\/\/blog.skruttet.com\/index.php?rest_route=\/wp\/v2\/posts\/569"}],"collection":[{"href":"https:\/\/blog.skruttet.com\/index.php?rest_route=\/wp\/v2\/posts"}],"about":[{"href":"https:\/\/blog.skruttet.com\/index.php?rest_route=\/wp\/v2\/types\/post"}],"author":[{"embeddable":true,"href":"https:\/\/blog.skruttet.com\/index.php?rest_route=\/wp\/v2\/users\/1"}],"replies":[{"embeddable":true,"href":"https:\/\/blog.skruttet.com\/index.php?rest_route=%2Fwp%2Fv2%2Fcomments&post=569"}],"version-history":[{"count":0,"href":"https:\/\/blog.skruttet.com\/index.php?rest_route=\/wp\/v2\/posts\/569\/revisions"}],"wp:attachment":[{"href":"https:\/\/blog.skruttet.com\/index.php?rest_route=%2Fwp%2Fv2%2Fmedia&parent=569"}],"wp:term":[{"taxonomy":"category","embeddable":true,"href":"https:\/\/blog.skruttet.com\/index.php?rest_route=%2Fwp%2Fv2%2Fcategories&post=569"},{"taxonomy":"post_tag","embeddable":true,"href":"https:\/\/blog.skruttet.com\/index.php?rest_route=%2Fwp%2Fv2%2Ftags&post=569"}],"curies":[{"name":"wp","href":"https:\/\/api.w.org\/{rel}","templated":true}]}}