{"id":5716,"date":"2014-03-03T20:46:30","date_gmt":"2014-03-03T18:46:30","guid":{"rendered":"http:\/\/www.skruttet.com\/?p=5716"},"modified":"2014-03-04T10:24:57","modified_gmt":"2014-03-04T08:24:57","slug":"att-ha-mens-ska-inte-gora-helvetiskt-ont","status":"publish","type":"post","link":"https:\/\/blog.skruttet.com\/?p=5716","title":{"rendered":"Att ha mens ska inte g\u00f6ra helvetiskt ont!"},"content":{"rendered":"<p>I f\u00f6reg\u00e5ende inl\u00e4gg n\u00e4mnde jag att \u00e5rets Endometriosm\u00e5nad \u00e4r h\u00e4r.<br \/>\nD\u00e5 hj\u00e4lps man \u00e5t att sprida information. Ingen kan g\u00f6ra allt men tillsammans blir vi starka.<br \/>\nH\u00e4r nedan finns lite kort info samt lite l\u00e4nkar till f\u00f6reningar och grupper som kan ge st\u00f6d.<br \/>\nEn del av texten \u00e4r fr\u00e5n tidigare ( oktober 2010) men jag v\u00e4ljer att publicera det igen, d\u00e5 nya l\u00e4sare har tillkommit och det fortfarande k\u00e4nns lika aktuellt som f\u00f6rr:<\/p>\n<p>Jag drar mig till minnes hur det var n\u00e4r min Endometrios blev diagnostiserad, 20 \u00e5r var jag och hade d\u00e5 haft problem med magsm\u00e4rta en l\u00e5ng tid. Man gjorde en titth\u00e5lsoperation.<a href=\"http:\/\/www.skruttet.com\/blog\/wp-content\/uploads\/2011\/10\/blue_eye-1579.jpg\"><img loading=\"lazy\" class=\"alignright\" alt=\"\" src=\"http:\/\/www.skruttet.com\/blog\/wp-content\/uploads\/2011\/10\/blue_eye-1579-300x211.jpg\" width=\"300\" height=\"211\" \/><\/a><br \/>\nDiagnosen blev satt, skriver enkelt nu \u2013 vill inte gr\u00e4va i det som varit. Det g\u00e5r \u00e4nd\u00e5 inte att \u00e4ndra det f\u00f6rflutna. (Min historia hittar du i\u00a0kategorin: Sjukdomen Endometrios ).<\/p>\n<p>I dag, 18 \u00e5r senare, \u00e4r kunskapen om Endo st\u00f6rre. Sjukdomen har kallats helvetet p\u00e5 jorden, den g\u00e5tfulla sjukdomen osv. Oavsett vad \u00e4r den\u00a0<strong>kronisk<\/strong>. Det betyder att:<br \/>\nDet \u00e4r viktigt att du f\u00e5r hj\u00e4lp eller l\u00e4r dig hitta v\u00e4gar att hantera sm\u00e4rtan.<br \/>\nAnnars orkar man inte! \u00a0Och sn\u00e4lla du; v\u00e4nta inte f\u00f6r l\u00e4nge med att s\u00f6ka hj\u00e4lp.<br \/>\nFaktum \u00e4r att sj\u00e4lv<strong> tror<\/strong> jag\u00a0inte att jag skulle ha haft lika stor sm\u00e4rtrelaterad problematik, som jag nu har, om problemen tagits p\u00e5 allvar tidigt.<\/p>\n<p>Man m\u00e5ste se livets helhet:<\/p>\n<ol>\n<li><strong>Du ska inte beh\u00f6va ha ont!\u00a0<\/strong>&#8211; De V\u00e5rdande \u00c4nglarna KAN hj\u00e4lpa dig med den mest akuta sm\u00e4rtan.<\/li>\n<li><strong>Hj\u00e4lp v\u00e5rden att hj\u00e4lpa dig!<\/strong>\u00a0\u2013 Kartl\u00e4gg sm\u00e4rtan. N\u00c4R har du ont? VAD g\u00f6r sm\u00e4rtan v\u00e4rre resp b\u00e4ttre? HUR k\u00e4nns den? Beskriv med dina egna ord!<\/li>\n<li><strong>Kr\u00e4v att din sm\u00e4rta tas p\u00e5 allvar!<\/strong>\u00a0\u2013 Det \u00e4r ditt liv det \u00e4r fr\u00e5gan om. S\u00e4g i fr\u00e5n! L\u00e5t ingen trampa p\u00e5 dig!!<\/li>\n<li><strong>Ha inte f\u00f6r stora krav p\u00e5 dig sj\u00e4lv.<\/strong>\u00a0\u2013 Lyssna p\u00e5 din kropp. Det \u00e4r den enda du har, s\u00e5 ta hand om den\u00a0<img alt=\":)\" src=\"http:\/\/www.skruttet.com\/wp-includes\/images\/smilies\/icon_smile.gif\" \/>\u00a0Tank p\u00e5 att g\u00f6ra saker som f\u00e5r dig att m\u00e5 bra! D\u00e5 orkar du b\u00e4ttre!<\/li>\n<li><strong>Sm\u00e4rta kan skr\u00e4mma<\/strong> &#8211; En kort och enkel uppdatering till de n\u00e4rmaste kan vara bra. Men i slut\u00e4ndan \u00e4r det v\u00e5rdens uppgift att f\u00f6rs\u00f6ka hj\u00e4lpa, tillsammans med dig sj\u00e4lv. Spara l\u00e5ngdragna redog\u00f6relser till dem,<em><span style=\"text-decoration: underline;\"> vars arbete \u00e4r att v\u00e5rda dig.<br \/>\n<\/span> <\/em>Ingen annan orkar i l\u00e4ngden med dem.<\/li>\n<\/ol>\n<p>Och gl\u00f6m aldrig: Du \u00e4r du, Du \u00e4r fin och att vara b\u00e4rare av Endometrios eller annan sm\u00e4rta \u00e4r ingenting att sk\u00e4mmas f\u00f6r!! Du \u00e4r inte ensam!!<\/p>\n<p>B\u00e4sta m\u00f6drar och f\u00e4der ; Att ha mens ska inte g\u00f6ra helvetiskt ont. S\u00e5 prata med era d\u00f6ttrar om den dolda sjukdomen Endometrios.<\/p>\n<p>Beh\u00f6ver du st\u00f6d och hj\u00e4lp? Tag kontakt!<br \/>\n* Svenska Endometriosf\u00f6reningen:\u00a0<a href=\"http:\/\/www.endometriosforeningen.com\/site\/\" target=\"_blank\">http:\/\/www.endometriosforeningen.com\/<br \/>\n<\/a>*\u00a0Finska Endometriosf\u00f6reningen:\u00a0<a href=\"http:\/\/www.endometrioosi.fi\/\">http:\/\/www.endometrioosi.fi\/<br \/>\n<\/a>* St\u00f6dgruppen Medsystrars hemsida:\u00a0<a href=\"http:\/\/www.medsystrar.se\/\">http:\/\/www.medsystrar.se\/<\/a><\/p>\n<p>Om sm\u00e4rta generellt:<br \/>\n* V\u00e4rkstadsbloggen:\u00a0<a href=\"http:\/\/www.varkstaden.se\/blogg\/levande-ord\/ilska-och-aggressivitet-2\">http:\/\/www.varkstaden.se\/blogg\/<\/a><\/p>\n<p>\u00c4nglakramar!!<\/p>\n<p style=\"text-align: center;\"><a href=\"http:\/\/www.youtube.com\/watch?v=vaAVByGaON0\" target=\"_blank\">Emeli Sand\u00e9 &#8211; Read All About It<\/a><\/p>\n<p style=\"text-align: left;\">(Bilden \u00e4r googlad)<\/p>\n","protected":false},"excerpt":{"rendered":"<p>I f\u00f6reg\u00e5ende inl\u00e4gg n\u00e4mnde jag att \u00e5rets Endometriosm\u00e5nad \u00e4r h\u00e4r. D\u00e5 hj\u00e4lps man \u00e5t att sprida information. Ingen kan g\u00f6ra allt men tillsammans blir vi starka. H\u00e4r nedan finns lite kort info samt lite l\u00e4nkar till f\u00f6reningar och grupper som &hellip; <a href=\"https:\/\/blog.skruttet.com\/?p=5716\">Forts\u00e4tt l\u00e4sa <span class=\"meta-nav\">&rarr;<\/span><\/a><\/p>\n","protected":false},"author":1,"featured_media":0,"comment_status":"open","ping_status":"open","sticky":false,"template":"","format":"standard","meta":[],"categories":[8,11,12,15],"tags":[77,76,45,73,75,74,72],"_links":{"self":[{"href":"https:\/\/blog.skruttet.com\/index.php?rest_route=\/wp\/v2\/posts\/5716"}],"collection":[{"href":"https:\/\/blog.skruttet.com\/index.php?rest_route=\/wp\/v2\/posts"}],"about":[{"href":"https:\/\/blog.skruttet.com\/index.php?rest_route=\/wp\/v2\/types\/post"}],"author":[{"embeddable":true,"href":"https:\/\/blog.skruttet.com\/index.php?rest_route=\/wp\/v2\/users\/1"}],"replies":[{"embeddable":true,"href":"https:\/\/blog.skruttet.com\/index.php?rest_route=%2Fwp%2Fv2%2Fcomments&post=5716"}],"version-history":[{"count":11,"href":"https:\/\/blog.skruttet.com\/index.php?rest_route=\/wp\/v2\/posts\/5716\/revisions"}],"predecessor-version":[{"id":5718,"href":"https:\/\/blog.skruttet.com\/index.php?rest_route=\/wp\/v2\/posts\/5716\/revisions\/5718"}],"wp:attachment":[{"href":"https:\/\/blog.skruttet.com\/index.php?rest_route=%2Fwp%2Fv2%2Fmedia&parent=5716"}],"wp:term":[{"taxonomy":"category","embeddable":true,"href":"https:\/\/blog.skruttet.com\/index.php?rest_route=%2Fwp%2Fv2%2Fcategories&post=5716"},{"taxonomy":"post_tag","embeddable":true,"href":"https:\/\/blog.skruttet.com\/index.php?rest_route=%2Fwp%2Fv2%2Ftags&post=5716"}],"curies":[{"name":"wp","href":"https:\/\/api.w.org\/{rel}","templated":true}]}}