{"id":582,"date":"2008-04-25T14:20:59","date_gmt":"2008-04-25T12:20:59","guid":{"rendered":"http:\/\/jag-vet-hur-det-k"},"modified":"2008-04-25T14:20:59","modified_gmt":"2008-04-25T12:20:59","slug":"jag-vet-hur-det-kanns","status":"publish","type":"post","link":"https:\/\/blog.skruttet.com\/?p=582","title":{"rendered":"Jag vet hur det k\u00e4nns"},"content":{"rendered":"<p><a href=\"http:\/\/bilder.bloggen.fi\/skruttet\/stenar-lov.jpg\"><img src=\"http:\/\/bilder.bloggen.fi\/skruttet\/thumb_stenar-lov.jpg\" align=\"right\" border=\"0\"><\/a><\/p>\n<p class=\"MsoNormal\">\u00c4ven i dag \u00e4r en bra dag! St\u00e4dar lite och tv\u00e4ttar kl\u00e4der&#8230; Men m\u00e5ste vila emellan! <\/p>\n<p class=\"MsoNormal\">Och medan kroppen f\u00e5r sin vila kan man ju f\u00f6rdriva tiden p\u00e5 n\u00e5got skojigt s\u00e4tt, som att BLOGGA =)<\/p>\n<p class=\"MsoNormal\">&nbsp;<\/p>\n<p class=\"MsoNormal\">Jag gick h\u00e4r och nynnade f\u00f6r mig sj\u00e4lv och t\u00e4nkte p\u00e5 hur viktigt det \u00e4r att ha n\u00e5gon. Inte d\u00e5 n\u00f6dv\u00e4ndigtvis en &lt;3 &#8211; v\u00e4n, men n\u00e5gon som man kan m\u00f6ta &#8221;face to face&#8221; och som finns d\u00e4r i v\u00e5tt och torrt&#8230;. Som hj\u00e4lper en att tro p\u00e5 sig sj\u00e4lv n\u00e4r tillvaron sviktar.<\/p>\n<p class=\"MsoNormal\">&nbsp;<\/p>\n<p class=\"MsoNormal\">F\u00f6r ensam \u00e4r inte stark!<\/p>\n<p class=\"MsoNormal\">&nbsp;<\/p>\n<p class=\"MsoNormal\">I dag k\u00e4nner jag tacksamhet \u00f6ver det liv jag har, \u00e4r lycklig, \u00e4r k\u00e4r och har det v\u00e4ldigt bra!<\/p>\n<p class=\"MsoNormal\">Det senaste \u00e5ret har varit tungt och m\u00f6rkt&#8230;. Men krisen har gjort mig starkare&#8230;. Jag har vuxit i mig sj\u00e4lv och mitt s\u00e4tt att t\u00e4nka och vara&#8230; Kanske inte andra m\u00e4rker f\u00f6r\u00e4ndringen, men jag m\u00e4rker och k\u00e4nner den sj\u00e4lv&#8230;.<\/p>\n<div class=\"MsoNormal\">&nbsp;<\/p>\n<div><b><u>Jag vet hur det k\u00e4nns<\/u><\/b><\/div>\n<div>&nbsp;<\/div>\n<\/div>\n<p class=\"MsoNormal\"><i>Jag vet hur det \u00e4r n\u00e4r allt k\u00e4nns hoppl\u00f6st och tungt<\/i><\/p>\n<p class=\"MsoNormal\"><i>Att ack s\u00e5 g\u00e4rna vilja orka men kroppen skriker <\/i><\/p>\n<p class=\"MsoNormal\"><i>Ta det lugnt!<\/i><\/p>\n<p class=\"MsoNormal\"><i>&nbsp;<\/i><\/p>\n<p class=\"MsoNormal\"><i>Jag vet hur det \u00e4r n\u00e4r allting \u00e4r svart<\/i><\/p>\n<p class=\"MsoNormal\"><i>N\u00e4r tips och r\u00e5d \u00e4r t\u00f6mda<\/i><\/p>\n<p class=\"MsoNormal\"><i>Och kroppen \u00e4nd\u00e5 k\u00e4nns matt<\/i><\/p>\n<p class=\"MsoNormal\"><i>&nbsp;<\/i><\/p>\n<p class=\"MsoNormal\"><i>Jag vet hur det k\u00e4nns n\u00e4r t\u00e5rarna under \u00f6gonlocken br\u00e4nner <\/i><\/p>\n<p class=\"MsoNormal\"><i>N\u00e4r hj\u00e4rtat g\u00f6r ont<\/i><\/p>\n<p class=\"MsoNormal\"><i>N\u00e4r sm\u00e4rtans m\u00f6rker mig skr\u00e4mmer<\/i><\/p>\n<p class=\"MsoNormal\"><i>&nbsp;<\/i><\/p>\n<p class=\"MsoNormal\"><i>Men <\/i><\/p>\n<p class=\"MsoNormal\"><i>&nbsp;<\/i><\/p>\n<p class=\"MsoNormal\"><i>Jag vet hur det k\u00e4nns n\u00e4r allting v\u00e4nder<\/i><\/p>\n<p class=\"MsoNormal\"><i>N\u00e4r jag \u00e5ter sm\u00e4rtfriheten kan k\u00e4nna <\/i><\/p>\n<p class=\"MsoNormal\"><i>N\u00e4r jag till \u00c4nglarna ett lyckligt leende s\u00e4nder<\/i><\/p>\n<p class=\"MsoNormal\"><i>&nbsp;<\/i><\/p>\n<p class=\"MsoNormal\"><i>Jag vet hur det \u00e4r att vara f\u00f6rv\u00e4ntansfull och full med liv<\/i><\/p>\n<p class=\"MsoNormal\"><i>N\u00e4r solen lyser och allting \u00e4r lugnt<\/i><\/p>\n<p class=\"MsoNormal\"><i>N\u00e4r orden flyter p\u00e5 och skrivandet \u00e4r min giv<\/i><\/p>\n<p class=\"MsoNormal\"><i>&nbsp;<\/i><\/p>\n<p class=\"MsoNormal\"><i>Jag vet hur det k\u00e4nns n\u00e4r k\u00e4rleken \u00e5ter i \u00f6gonen lyser<\/i><\/p>\n<p class=\"MsoNormal\"><i>N\u00e4r hj\u00e4rtat \u00e4r fyllt med \u00f6mhet <\/i><\/p>\n<div class=\"MsoNormal\"><i>N\u00e4r fr\u00e5n hj\u00e4rtat av k\u00e4rlek och v\u00e4rme jag myser<\/i><\/div>\n<div>&nbsp;<\/div>\n<div>(Skruttet 25.04.08)<\/div>\n","protected":false},"excerpt":{"rendered":"<p>\u00c4ven i dag \u00e4r en bra dag! St\u00e4dar lite och tv\u00e4ttar kl\u00e4der&#8230; Men m\u00e5ste vila emellan! Och medan kroppen f\u00e5r sin vila kan man ju f\u00f6rdriva tiden p\u00e5 n\u00e5got skojigt s\u00e4tt, som att BLOGGA =) &nbsp; Jag gick h\u00e4r och &hellip; <a href=\"https:\/\/blog.skruttet.com\/?p=582\">Forts\u00e4tt l\u00e4sa <span class=\"meta-nav\">&rarr;<\/span><\/a><\/p>\n","protected":false},"author":1,"featured_media":0,"comment_status":"open","ping_status":"open","sticky":false,"template":"","format":"standard","meta":[],"categories":[1,10,16],"tags":[],"_links":{"self":[{"href":"https:\/\/blog.skruttet.com\/index.php?rest_route=\/wp\/v2\/posts\/582"}],"collection":[{"href":"https:\/\/blog.skruttet.com\/index.php?rest_route=\/wp\/v2\/posts"}],"about":[{"href":"https:\/\/blog.skruttet.com\/index.php?rest_route=\/wp\/v2\/types\/post"}],"author":[{"embeddable":true,"href":"https:\/\/blog.skruttet.com\/index.php?rest_route=\/wp\/v2\/users\/1"}],"replies":[{"embeddable":true,"href":"https:\/\/blog.skruttet.com\/index.php?rest_route=%2Fwp%2Fv2%2Fcomments&post=582"}],"version-history":[{"count":0,"href":"https:\/\/blog.skruttet.com\/index.php?rest_route=\/wp\/v2\/posts\/582\/revisions"}],"wp:attachment":[{"href":"https:\/\/blog.skruttet.com\/index.php?rest_route=%2Fwp%2Fv2%2Fmedia&parent=582"}],"wp:term":[{"taxonomy":"category","embeddable":true,"href":"https:\/\/blog.skruttet.com\/index.php?rest_route=%2Fwp%2Fv2%2Fcategories&post=582"},{"taxonomy":"post_tag","embeddable":true,"href":"https:\/\/blog.skruttet.com\/index.php?rest_route=%2Fwp%2Fv2%2Ftags&post=582"}],"curies":[{"name":"wp","href":"https:\/\/api.w.org\/{rel}","templated":true}]}}