{"id":588,"date":"2008-05-06T11:41:36","date_gmt":"2008-05-06T09:41:36","guid":{"rendered":"http:\/\/bred-ut-vingarna"},"modified":"2008-05-06T11:41:36","modified_gmt":"2008-05-06T09:41:36","slug":"bred-ut-vingarna","status":"publish","type":"post","link":"https:\/\/blog.skruttet.com\/?p=588","title":{"rendered":"Bred ut vingarna&#8230;.."},"content":{"rendered":"<p><a href=\"http:\/\/bilder.bloggen.fi\/skruttet\/angel_of_sorrow.jpg\"><img src=\"http:\/\/bilder.bloggen.fi\/skruttet\/thumb_angel_of_sorrow.jpg\" align=\"right\" border=\"0\"><\/a><\/p>\n<div>Hej hall\u00e5 alla \u00c4nglar!<\/div>\n<div>I dag \u00e4r en s\u00e4mre dag&#8230;.. L\u00e4gger fingrarna p\u00e5 tangentbordet och som s\u00e5 m\u00e5nga g\u00e5nger f\u00f6rr \u00f6ppnas porten till mitt inre&#8230;. <br \/>Det v\u00e4nder o vrider sig i magen p\u00e5 mig och det \u00e4r nu jag minns varf\u00f6r jag anv\u00e4nder Synarelan (n\u00e4ssprayet)&#8230;.&nbsp; Det \u00e4r dagar som dessa man blir p\u00e5mind om alla magoperationer.. T\u00e5rarna br\u00e4nner bakom \u00f6gonlocken&#8230;.<\/div>\n<div>Arg blir jag f\u00f6r att jag har en mindre bra dag just i dag, jag har ju sett fram emot&nbsp;kv\u00e4llens program s\u00e5\u00e5\u00e5 mycket&#8230;..<\/div>\n<div>&nbsp;<\/div>\n<div>Men jag f\u00f6rs\u00f6ker att inte falla tillbaka i sm\u00e4rtans m\u00f6rker&#8230;. F\u00f6rs\u00f6ker g\u00f6ra mitt b\u00e4sta att trots det onda vara &#8221;h\u00e4r och nu&#8221;&#8230;. F\u00f6r jag vet att sm\u00e4rtan lugnar sig, jag vet att det g\u00e5r \u00f6ver! Men&nbsp;<b>just nu<\/b>&nbsp;\u00e4r det allt annat \u00e4n roligt!<\/div>\n<div>&nbsp;<\/div>\n<div>Nu blir det att v\u00e4nta p\u00e5 att v\u00e4rktabletten ska ge effekt, l\u00e4gga mig i&nbsp; s\u00e4ngen och&nbsp; somna en stund och hoppas att \u00e4nglarna breder ut sina skyddande vingar och tar mig till \u00c4ngelns rike, till sm\u00e4rtfiheten&#8230;. S\u00e5 att jag orkar med kv\u00e4llen&#8230;.<\/div>\n<div>&nbsp;<\/div>\n<div>Dagens \u00f6vriga program f\u00e5r vara! Nu m\u00e5ste kroppen f\u00e5 vila&#8230;. <\/div>\n","protected":false},"excerpt":{"rendered":"<p>Hej hall\u00e5 alla \u00c4nglar! I dag \u00e4r en s\u00e4mre dag&#8230;.. L\u00e4gger fingrarna p\u00e5 tangentbordet och som s\u00e5 m\u00e5nga g\u00e5nger f\u00f6rr \u00f6ppnas porten till mitt inre&#8230;. Det v\u00e4nder o vrider sig i magen p\u00e5 mig och det \u00e4r nu jag minns &hellip; <a href=\"https:\/\/blog.skruttet.com\/?p=588\">Forts\u00e4tt l\u00e4sa <span class=\"meta-nav\">&rarr;<\/span><\/a><\/p>\n","protected":false},"author":1,"featured_media":0,"comment_status":"open","ping_status":"open","sticky":false,"template":"","format":"standard","meta":[],"categories":[11,14],"tags":[],"_links":{"self":[{"href":"https:\/\/blog.skruttet.com\/index.php?rest_route=\/wp\/v2\/posts\/588"}],"collection":[{"href":"https:\/\/blog.skruttet.com\/index.php?rest_route=\/wp\/v2\/posts"}],"about":[{"href":"https:\/\/blog.skruttet.com\/index.php?rest_route=\/wp\/v2\/types\/post"}],"author":[{"embeddable":true,"href":"https:\/\/blog.skruttet.com\/index.php?rest_route=\/wp\/v2\/users\/1"}],"replies":[{"embeddable":true,"href":"https:\/\/blog.skruttet.com\/index.php?rest_route=%2Fwp%2Fv2%2Fcomments&post=588"}],"version-history":[{"count":0,"href":"https:\/\/blog.skruttet.com\/index.php?rest_route=\/wp\/v2\/posts\/588\/revisions"}],"wp:attachment":[{"href":"https:\/\/blog.skruttet.com\/index.php?rest_route=%2Fwp%2Fv2%2Fmedia&parent=588"}],"wp:term":[{"taxonomy":"category","embeddable":true,"href":"https:\/\/blog.skruttet.com\/index.php?rest_route=%2Fwp%2Fv2%2Fcategories&post=588"},{"taxonomy":"post_tag","embeddable":true,"href":"https:\/\/blog.skruttet.com\/index.php?rest_route=%2Fwp%2Fv2%2Ftags&post=588"}],"curies":[{"name":"wp","href":"https:\/\/api.w.org\/{rel}","templated":true}]}}