{"id":5931,"date":"2014-07-27T01:20:45","date_gmt":"2014-07-26T22:20:45","guid":{"rendered":"http:\/\/www.skruttet.com\/?p=5931"},"modified":"2014-08-19T15:55:57","modified_gmt":"2014-08-19T12:55:57","slug":"sommarnatts-lugn","status":"publish","type":"post","link":"https:\/\/blog.skruttet.com\/?p=5931","title":{"rendered":"Sommarnatts lugn"},"content":{"rendered":"<p>L\u00f6rdag kv\u00e4ll.\u00a0Den sista i juli m\u00e5nad.<br \/>\nMin hud \u00e4r svettig av dagens sommarhetta.<br \/>\nM\u00f6rkret s\u00e4nker sig.<br \/>\nDet \u00e4r fortfarande varmt och d\u00f6rren st\u00e5r \u00f6ppen.<br \/>\nI hopp om lite h\u00e4rlig sommarnattssvalka.<br \/>\n\u00c5terst\u00e5r att se om det lyckas. Verkar inte speciellt lovande.<\/p>\n<p><a href=\"http:\/\/www.skruttet.com\/?attachment_id=5932\" rel=\"attachment wp-att-5932\"><img loading=\"lazy\" class=\"aligncenter size-full wp-image-5932\" alt=\"sommar gryning\" src=\"http:\/\/www.skruttet.com\/blog\/wp-content\/uploads\/2014\/07\/sommar-gryning.jpg\" width=\"960\" height=\"720\" srcset=\"https:\/\/blog.skruttet.com\/wp-content\/uploads\/2014\/07\/sommar-gryning.jpg 960w, https:\/\/blog.skruttet.com\/wp-content\/uploads\/2014\/07\/sommar-gryning-300x225.jpg 300w\" sizes=\"(max-width: 960px) 100vw, 960px\" \/><\/a><br \/>\nJag njuter i v\u00e4rmeljusens sken av \u00c4nglaparadisets lugn.<br \/>\nSnart \u00e4r den flera veckor l\u00e5nga perioden, som gr\u00e4s\u00e4nka, \u00f6ver.<br \/>\nTiden som gr\u00e4s\u00e4nka har inneburit mycket vardaglig tr\u00e4ning. I och ned att jag har gjort alla de vardagliga sysslorna sj\u00e4lv. Det har g\u00e5tt bra. Riktigt bra! Och d\u00e4rmed har sj\u00e4lvf\u00f6rtroendet f\u00e5tt sig en rej\u00e4l boost.<br \/>\nMen nu r\u00e4cker det nog. Nu kan &lt;3- \u00c4ngeln komma!<br \/>\nJag l\u00e4ngtar. Jag saknar.<br \/>\nTurligt nog tenderar dagarna numera att g\u00e5 rasande fort.<\/p>\n<p>Snart dags att krypa i s\u00e4ng,<br \/>\n\u00c4nglakramar!<\/p>\n<p style=\"text-align: center;\"><a href=\"http:\/\/www.youtube.com\/watch?v=Ss0kFNUP4P4\" target=\"_blank\">Aerosmith &#8211; I Don&#8217;t Wanna Miss a Thing<\/a><\/p>\n","protected":false},"excerpt":{"rendered":"<p>L\u00f6rdag kv\u00e4ll.\u00a0Den sista i juli m\u00e5nad. Min hud \u00e4r svettig av dagens sommarhetta. M\u00f6rkret s\u00e4nker sig. Det \u00e4r fortfarande varmt och d\u00f6rren st\u00e5r \u00f6ppen. I hopp om lite h\u00e4rlig sommarnattssvalka. \u00c5terst\u00e5r att se om det lyckas. Verkar inte speciellt lovande. &hellip; <a href=\"https:\/\/blog.skruttet.com\/?p=5931\">Forts\u00e4tt l\u00e4sa <span class=\"meta-nav\">&rarr;<\/span><\/a><\/p>\n","protected":false},"author":1,"featured_media":0,"comment_status":"open","ping_status":"open","sticky":false,"template":"","format":"standard","meta":[],"categories":[8,16],"tags":[96],"_links":{"self":[{"href":"https:\/\/blog.skruttet.com\/index.php?rest_route=\/wp\/v2\/posts\/5931"}],"collection":[{"href":"https:\/\/blog.skruttet.com\/index.php?rest_route=\/wp\/v2\/posts"}],"about":[{"href":"https:\/\/blog.skruttet.com\/index.php?rest_route=\/wp\/v2\/types\/post"}],"author":[{"embeddable":true,"href":"https:\/\/blog.skruttet.com\/index.php?rest_route=\/wp\/v2\/users\/1"}],"replies":[{"embeddable":true,"href":"https:\/\/blog.skruttet.com\/index.php?rest_route=%2Fwp%2Fv2%2Fcomments&post=5931"}],"version-history":[{"count":6,"href":"https:\/\/blog.skruttet.com\/index.php?rest_route=\/wp\/v2\/posts\/5931\/revisions"}],"predecessor-version":[{"id":5957,"href":"https:\/\/blog.skruttet.com\/index.php?rest_route=\/wp\/v2\/posts\/5931\/revisions\/5957"}],"wp:attachment":[{"href":"https:\/\/blog.skruttet.com\/index.php?rest_route=%2Fwp%2Fv2%2Fmedia&parent=5931"}],"wp:term":[{"taxonomy":"category","embeddable":true,"href":"https:\/\/blog.skruttet.com\/index.php?rest_route=%2Fwp%2Fv2%2Fcategories&post=5931"},{"taxonomy":"post_tag","embeddable":true,"href":"https:\/\/blog.skruttet.com\/index.php?rest_route=%2Fwp%2Fv2%2Ftags&post=5931"}],"curies":[{"name":"wp","href":"https:\/\/api.w.org\/{rel}","templated":true}]}}