{"id":5959,"date":"2014-08-21T22:02:49","date_gmt":"2014-08-21T19:02:49","guid":{"rendered":"http:\/\/www.skruttet.com\/?p=5959"},"modified":"2014-08-22T13:12:20","modified_gmt":"2014-08-22T10:12:20","slug":"sa-brinnande-ivrig-och-makta-stolt","status":"publish","type":"post","link":"https:\/\/blog.skruttet.com\/?p=5959","title":{"rendered":"S\u00e5 brinnande ivrig och m\u00e4kta stolt!"},"content":{"rendered":"<p>Torsdag kv\u00e4ll.<br \/>\nKalendern p\u00e5 v\u00e4ggen visar att vi\u00a0har passerat augusti m\u00e5nads mitt. Och det f\u00f6r ett tag sedan.\u00a0Skolorna har b\u00f6rjat sin termin. Och det kan v\u00e4l ses som ett tecken p\u00e5 att h\u00f6sten \u00e4r kommen.<\/p>\n<p>Redan?<br \/>\n<span style=\"line-height: 24px;\">Vart har tiden tagit v\u00e4gen?<\/span><br style=\"line-height: 24px;\" \/><span style=\"line-height: 24px;\">Sommaren b\u00f6rjade ju nyss!<\/span><br style=\"line-height: 24px;\" \/><br \/>\nH\u00f6st.<br \/>\nTid f\u00f6r mys med tekopp, brasa och ljus.<br \/>\nI \u00e5r ser jag oerh\u00f6rt fram emot upplevelserna som h\u00f6sten bjuder p\u00e5.<br \/>\nLite planer finns. Det blir trevliga saker av blandad kompott \ud83d\ude42<\/p>\n<p>Ni som f\u00f6ljer mig minns kanske att jag f<a href=\"http:\/\/www.skruttet.com\/?p=5912\" target=\"_blank\">\u00f6r ett tag sedan<\/a>\u00a0skrev om\u00a0utmaningen och slutm\u00e5let: &#8221;En shoppingdag p\u00e5 IKEA&#8221;.<br \/>\nAtt orka g\u00e5 utan att ta<span style=\"line-height: 24px;\">\u00a0ett gammalt L\u00e5ne-\u00c5k av big size modell<\/span>\u00a0till hj\u00e4lp. \u00a0Och det innan sommaren n\u00e5tt sitt slut.<\/p>\n<p><a href=\"http:\/\/www.skruttet.com\/?attachment_id=5624\" rel=\"attachment wp-att-5624\"><img loading=\"lazy\" class=\"aligncenter size-full wp-image-5624\" alt=\"mother-child-holding-hands\" src=\"http:\/\/www.skruttet.com\/blog\/wp-content\/uploads\/2014\/02\/mother-child-holding-hands.jpg\" width=\"849\" height=\"565\" srcset=\"https:\/\/blog.skruttet.com\/wp-content\/uploads\/2014\/02\/mother-child-holding-hands.jpg 849w, https:\/\/blog.skruttet.com\/wp-content\/uploads\/2014\/02\/mother-child-holding-hands-300x199.jpg 300w\" sizes=\"(max-width: 849px) 100vw, 849px\" \/><\/a>I samband med att vi \u00e5kte hem var det s\u00e5 dags att ta sig an butiksytor som jag tidigare bara avl\u00e4gset har kunnat dr\u00f6mma om. Och d\u00e4r gick jag. Och gick. Och gick.<br \/>\nVilken oerh\u00f6rd frihet det var. \u00a0Att se allt. K\u00e4nna p\u00e5 allt. Prova allt. Ur ett nytt perspektiv.<br \/>\nVilken grej! Ni skulle ha sett mig! S\u00e5 brinnande ivrig och m\u00e4kta stolt!<br \/>\nOch aldrig f\u00f6rr har v\u00e4l en nota blivit s\u00e5 billig i detta varuhus f\u00f6rr.<br \/>\nMen, d\u00e5 d\u00f6rren for fast bakom mig s\u00e5 var jag \u00e4nd\u00e5 l\u00e5ngt mer \u00e4n n\u00f6jd.<\/p>\n<p>Nu \u00e4r jag i M\u00c5L!<\/p>\n<p>Tack till er alla<br \/>\nSom har trott p\u00e5 mig i alla l\u00e4gen.<br \/>\nSom har torkat mina t\u00e5rar och lyssnat p\u00e5 min upprivna f\u00f6rtvivlan<br \/>\nn\u00e4r sm\u00e4rtan tagit \u00f6verhand.<br \/>\nSom har skickat styrka och v\u00e4rmande kramar.<\/p>\n<p>Ni \u00e4r underbara \u00c4nglar\u00a0\u2665<br \/>\nJag \u00e4lskar er &#8211; allihop!<\/p>\n<p>\u00c4nglakramar!!<\/p>\n<p>(Googlad bild)<\/p>\n<p>&nbsp;<\/p>\n","protected":false},"excerpt":{"rendered":"<p>Torsdag kv\u00e4ll. Kalendern p\u00e5 v\u00e4ggen visar att vi\u00a0har passerat augusti m\u00e5nads mitt. Och det f\u00f6r ett tag sedan.\u00a0Skolorna har b\u00f6rjat sin termin. Och det kan v\u00e4l ses som ett tecken p\u00e5 att h\u00f6sten \u00e4r kommen. Redan? Vart har tiden tagit &hellip; <a href=\"https:\/\/blog.skruttet.com\/?p=5959\">Forts\u00e4tt l\u00e4sa <span class=\"meta-nav\">&rarr;<\/span><\/a><\/p>\n","protected":false},"author":1,"featured_media":0,"comment_status":"open","ping_status":"open","sticky":false,"template":"","format":"standard","meta":[],"categories":[7,25,10,13,16],"tags":[],"_links":{"self":[{"href":"https:\/\/blog.skruttet.com\/index.php?rest_route=\/wp\/v2\/posts\/5959"}],"collection":[{"href":"https:\/\/blog.skruttet.com\/index.php?rest_route=\/wp\/v2\/posts"}],"about":[{"href":"https:\/\/blog.skruttet.com\/index.php?rest_route=\/wp\/v2\/types\/post"}],"author":[{"embeddable":true,"href":"https:\/\/blog.skruttet.com\/index.php?rest_route=\/wp\/v2\/users\/1"}],"replies":[{"embeddable":true,"href":"https:\/\/blog.skruttet.com\/index.php?rest_route=%2Fwp%2Fv2%2Fcomments&post=5959"}],"version-history":[{"count":6,"href":"https:\/\/blog.skruttet.com\/index.php?rest_route=\/wp\/v2\/posts\/5959\/revisions"}],"predecessor-version":[{"id":5965,"href":"https:\/\/blog.skruttet.com\/index.php?rest_route=\/wp\/v2\/posts\/5959\/revisions\/5965"}],"wp:attachment":[{"href":"https:\/\/blog.skruttet.com\/index.php?rest_route=%2Fwp%2Fv2%2Fmedia&parent=5959"}],"wp:term":[{"taxonomy":"category","embeddable":true,"href":"https:\/\/blog.skruttet.com\/index.php?rest_route=%2Fwp%2Fv2%2Fcategories&post=5959"},{"taxonomy":"post_tag","embeddable":true,"href":"https:\/\/blog.skruttet.com\/index.php?rest_route=%2Fwp%2Fv2%2Ftags&post=5959"}],"curies":[{"name":"wp","href":"https:\/\/api.w.org\/{rel}","templated":true}]}}