{"id":599,"date":"2008-05-11T11:51:28","date_gmt":"2008-05-11T09:51:28","guid":{"rendered":"http:\/\/ett-konstaterande"},"modified":"2008-05-11T11:51:28","modified_gmt":"2008-05-11T09:51:28","slug":"ett-konstaterande","status":"publish","type":"post","link":"https:\/\/blog.skruttet.com\/?p=599","title":{"rendered":"Ett konstaterande"},"content":{"rendered":"<div>I g\u00e5r hade jag ingen lysande dag precis&#8230;. Var bortbjuden men avb\u00f6jde, f\u00f6r att l\u00e5ta kroppen vila&#8230;.<\/div>\n<div>Hade en &#8221;konstaterar dag&#8221;&#8230; <\/div>\n<div>&nbsp;<\/div>\n<ul>\n<li>Konstaterade att jag \u00e4r ganska ensam, sv\u00e5rt att veta vilka mina riktiga v\u00e4nner \u00e4r.\n<li>Konstaterade att jag \u00e4r v\u00e4ldigt os\u00e4ker, har v\u00e4ldigt lite skinn p\u00e5 n\u00e4san under mindre bra dagar. R\u00e4dd f\u00f6r att vara i v\u00e4gen.\n<li>Konstaterade att jag ofta kommer i andra hand bland v\u00e4nner och \u00e4ven d\u00e5 det g\u00e4ller annat.\n<li>Konstaterade att jag ger mycket (\u00e4r s\u00e5dan person), men f\u00e5r ganska lite tillbaka.\n<li>Konstaterade att jag i forts\u00e4ttningen ska sk\u00f6ta min sm\u00e4rthantering enbart p\u00e5 bloggen&#8230; Sm\u00e4rtan diskuteras endast med \u00c4nglarna i \u00c4nglateamet och &lt;3-\u00e4ngeln&#8230;. Fr\u00e5gar n\u00e5gon annan s\u00e5 s\u00e4ger jag den korta versionen: Bra eller midre bra&#8230;. \u00c4r det n\u00e5gon som fr\u00e5gar f\u00f6r att de VERKLIGEN bryr sig s\u00e5 h\u00e4nvisar&nbsp;jag till bloggen (ingen annan ska g\u00f6ra det)&#8230; Har de l\u00e4st bloggen och sj\u00e4lva n\u00e4mer det och undrar n\u00e5got sedan&#8230; D\u00e5 kan diskussionen p\u00e5b\u00f6rjas! Men bloggen st\u00e5r som grund. Komenteringen sk\u00f6ts h\u00e4r&#8230;. eller privat om k\u00e4nns b\u00e4ttre via adressen som finns i profilen.&nbsp;Detta f\u00f6r att inte beh\u00f6va s\u00e4tta s\u00e5 mycket enegi och fokus IRL p\u00e5 sm\u00e4rtan. Tar man&nbsp;sig inte den lilla tid (tar ju inte m\u00e5nga minuter) som det tar att l\u00e4sa.&nbsp;Ja,d\u00e5 bryr&nbsp;man&nbsp;sig inte riktigt heller. <\/li>\n<\/ul>\n<div>Nu dags f\u00f6r ytterligare en kopp kaffe =)<\/div>\n","protected":false},"excerpt":{"rendered":"<p>I g\u00e5r hade jag ingen lysande dag precis&#8230;. Var bortbjuden men avb\u00f6jde, f\u00f6r att l\u00e5ta kroppen vila&#8230;. Hade en &#8221;konstaterar dag&#8221;&#8230; &nbsp; Konstaterade att jag \u00e4r ganska ensam, sv\u00e5rt att veta vilka mina riktiga v\u00e4nner \u00e4r. Konstaterade att jag \u00e4r &hellip; <a href=\"https:\/\/blog.skruttet.com\/?p=599\">Forts\u00e4tt l\u00e4sa <span class=\"meta-nav\">&rarr;<\/span><\/a><\/p>\n","protected":false},"author":1,"featured_media":0,"comment_status":"open","ping_status":"open","sticky":false,"template":"","format":"standard","meta":[],"categories":[11,14],"tags":[],"_links":{"self":[{"href":"https:\/\/blog.skruttet.com\/index.php?rest_route=\/wp\/v2\/posts\/599"}],"collection":[{"href":"https:\/\/blog.skruttet.com\/index.php?rest_route=\/wp\/v2\/posts"}],"about":[{"href":"https:\/\/blog.skruttet.com\/index.php?rest_route=\/wp\/v2\/types\/post"}],"author":[{"embeddable":true,"href":"https:\/\/blog.skruttet.com\/index.php?rest_route=\/wp\/v2\/users\/1"}],"replies":[{"embeddable":true,"href":"https:\/\/blog.skruttet.com\/index.php?rest_route=%2Fwp%2Fv2%2Fcomments&post=599"}],"version-history":[{"count":0,"href":"https:\/\/blog.skruttet.com\/index.php?rest_route=\/wp\/v2\/posts\/599\/revisions"}],"wp:attachment":[{"href":"https:\/\/blog.skruttet.com\/index.php?rest_route=%2Fwp%2Fv2%2Fmedia&parent=599"}],"wp:term":[{"taxonomy":"category","embeddable":true,"href":"https:\/\/blog.skruttet.com\/index.php?rest_route=%2Fwp%2Fv2%2Fcategories&post=599"},{"taxonomy":"post_tag","embeddable":true,"href":"https:\/\/blog.skruttet.com\/index.php?rest_route=%2Fwp%2Fv2%2Ftags&post=599"}],"curies":[{"name":"wp","href":"https:\/\/api.w.org\/{rel}","templated":true}]}}