{"id":601,"date":"2008-05-12T09:12:28","date_gmt":"2008-05-12T07:12:28","guid":{"rendered":"http:\/\/p"},"modified":"2008-05-12T09:12:28","modified_gmt":"2008-05-12T07:12:28","slug":"pay-en-stubbe-i-skogen","status":"publish","type":"post","link":"https:\/\/blog.skruttet.com\/?p=601","title":{"rendered":"P\u00e5 en stubbe i skogen"},"content":{"rendered":"<p><a href=\"http:\/\/bilder.bloggen.fi\/skruttet\/stubbe.jpg\"><img src=\"http:\/\/bilder.bloggen.fi\/skruttet\/thumb_stubbe.jpg\" align=\"right\" border=\"0\"><\/a><\/p>\n<div>I dag k\u00e4nns det som jag kommer att finnas h\u00e4r mycket&#8230;. Nej, jag har inte en d\u00e5lig dag, tv\u00e4rtom! <\/div>\n<div>Skrev ju tidigare att jag konstaterade att jag ger mycket, men f\u00e5r ganska lite tillbaka&#8230;. Kom nog fram till att jag s\u00e4tter mig sj\u00e4lv i andra hand m\u00e5nga g\u00e5nger.. Att jag k\u00e4nner kravet att vara till lags&#8230;. Att jag k\u00e4nner att jag g\u00e5r l\u00e4ngre f\u00f6r andra \u00e4n vad andra skulle g\u00f6ra f\u00f6r mig&#8230;.. <\/p>\n<p>Men hall\u00e5, Skruttet!! Det handlar om att m\u00f6tas halvv\u00e4gs!&nbsp;Och den \u00f6msesidiga viljan m\u00e5ste finnas! Det handlar om att ge och ta!<\/p><\/div>\n<div>&nbsp;<\/div>\n<div>Nu k\u00e4nner jag att jag har g\u00e5tt min halva v\u00e4g&#8230;. <\/div>\n<div>Nu s\u00e4tter jag mig ner p\u00e5 en subbe i skogen och v\u00e4ntar.<\/div>\n<div>Nu s\u00e4tter jag best\u00e4mt ner foten! <\/div>\n<div>Nu s\u00e4tter jag mig sj\u00e4lv i f\u00f6rsta hand&#8230;.. <\/div>\n<div>Nu b\u00f6rjar jag om fr\u00e5n 0, riktigt noll&#8230;. <\/div>\n<div>Nu har jag ingenting<\/div>\n<div>Nu har jag bara mig sj\u00e4lv, &lt;3 &#8211; \u00c4ngeln, min \u00e4lskade&nbsp;\u00c4nglasyster och familjen&nbsp;=)<\/div>\n<div>&nbsp;<\/div>\n<div>Den som vill m\u00f6ta mig m\u00f6ter mig<\/div>\n<div>Den som inte vill l\u00e5ter bli!<\/div>\n<div>&nbsp;<\/div>\n<div>Armarna \u00e4r \u00f6ppna, v\u00e4lkommen \u00e4r den som kommer!!<\/div>\n<div>MEN<\/div>\n<div>Stubbar, sten och sn\u00e5r&#8230; Man m\u00e5ste sj\u00e4lv veta hur ta sig dit till min stubbe&#8230; Jag g\u00e5r inte ett steg till nu!<\/div>\n","protected":false},"excerpt":{"rendered":"<p>I dag k\u00e4nns det som jag kommer att finnas h\u00e4r mycket&#8230;. Nej, jag har inte en d\u00e5lig dag, tv\u00e4rtom! Skrev ju tidigare att jag konstaterade att jag ger mycket, men f\u00e5r ganska lite tillbaka&#8230;. Kom nog fram till att jag &hellip; <a href=\"https:\/\/blog.skruttet.com\/?p=601\">Forts\u00e4tt l\u00e4sa <span class=\"meta-nav\">&rarr;<\/span><\/a><\/p>\n","protected":false},"author":1,"featured_media":0,"comment_status":"open","ping_status":"open","sticky":false,"template":"","format":"standard","meta":[],"categories":[14],"tags":[],"_links":{"self":[{"href":"https:\/\/blog.skruttet.com\/index.php?rest_route=\/wp\/v2\/posts\/601"}],"collection":[{"href":"https:\/\/blog.skruttet.com\/index.php?rest_route=\/wp\/v2\/posts"}],"about":[{"href":"https:\/\/blog.skruttet.com\/index.php?rest_route=\/wp\/v2\/types\/post"}],"author":[{"embeddable":true,"href":"https:\/\/blog.skruttet.com\/index.php?rest_route=\/wp\/v2\/users\/1"}],"replies":[{"embeddable":true,"href":"https:\/\/blog.skruttet.com\/index.php?rest_route=%2Fwp%2Fv2%2Fcomments&post=601"}],"version-history":[{"count":0,"href":"https:\/\/blog.skruttet.com\/index.php?rest_route=\/wp\/v2\/posts\/601\/revisions"}],"wp:attachment":[{"href":"https:\/\/blog.skruttet.com\/index.php?rest_route=%2Fwp%2Fv2%2Fmedia&parent=601"}],"wp:term":[{"taxonomy":"category","embeddable":true,"href":"https:\/\/blog.skruttet.com\/index.php?rest_route=%2Fwp%2Fv2%2Fcategories&post=601"},{"taxonomy":"post_tag","embeddable":true,"href":"https:\/\/blog.skruttet.com\/index.php?rest_route=%2Fwp%2Fv2%2Ftags&post=601"}],"curies":[{"name":"wp","href":"https:\/\/api.w.org\/{rel}","templated":true}]}}