{"id":6020,"date":"2014-09-18T23:44:54","date_gmt":"2014-09-18T20:44:54","guid":{"rendered":"http:\/\/www.skruttet.com\/?p=6020"},"modified":"2014-09-18T23:49:51","modified_gmt":"2014-09-18T20:49:51","slug":"huvudet-sticks-inte-i-sanden-mer","status":"publish","type":"post","link":"https:\/\/blog.skruttet.com\/?p=6020","title":{"rendered":"Huvudet sticks inte i sanden mer&#8230;"},"content":{"rendered":"<p>Torsdag.<br \/>\nDraken forts\u00e4tter fl\u00e5sa sin br\u00e4nnande eld \u00f6ver mig.<br \/>\nIntensiteten p\u00e5 sm\u00e4rtan varierar. Tack gode gud f\u00f6r det.<br \/>\nD\u00e5 hinner jag andas emellan och f\u00e5 kraft.<\/p>\n<p>En l\u00e4ttnad. Det \u00e4r vad jag k\u00e4nner in i hj\u00e4rteroten just nu.<br \/>\nJag\/vi m\u00f6tte en alldeles fantastisk v\u00e5rdande \u00c4ngel i dag!<br \/>\nSom visste vad endometrios var. Som s\u00e5g helheten och sambanden.<br \/>\nOch sa n\u00e5got annat \u00e4n: &#8221;Det blir nog bra&#8221;.<\/p>\n<p>Extra medicin och dropp i n\u00e5gra timmar. Och hem igen.<br \/>\nV\u00e4l s\u00e5!<\/p>\n<p>Ett nytt m\u00f6te med de v\u00e5rdande \u00c4nglarna v\u00e4ntar i morgon.<br \/>\nVi vet att inga underverk kommer att ske. Men vi ser en ljusning.<br \/>\n\u00c4ntligen f\u00f6rs\u00f6ker n\u00e5gon ta ansvar utan att skyffla \u00f6ver mig till n\u00e5gon annans bord.<\/p>\n<p><a href=\"http:\/\/www.skruttet.com\/?attachment_id=6021\" rel=\"attachment wp-att-6021\"><img loading=\"lazy\" class=\"alignright size-full wp-image-6021\" alt=\"huvudet i sanden\" src=\"http:\/\/www.skruttet.com\/blog\/wp-content\/uploads\/2014\/09\/huvudet-i-sanden.gif\" width=\"300\" height=\"234\" \/><\/a>Det \u00e4r invecklat och sv\u00e5rt&#8230;<br \/>\nMen, huvudet sticks inte i sanden mer.<br \/>\nOerh\u00f6rt sk\u00f6nt!<\/p>\n<p>God natt, sov gott!<\/p>\n<p>(Bilden \u00e4r googlad)<\/p>\n","protected":false},"excerpt":{"rendered":"<p>Torsdag. Draken forts\u00e4tter fl\u00e5sa sin br\u00e4nnande eld \u00f6ver mig. Intensiteten p\u00e5 sm\u00e4rtan varierar. Tack gode gud f\u00f6r det. D\u00e5 hinner jag andas emellan och f\u00e5 kraft. En l\u00e4ttnad. Det \u00e4r vad jag k\u00e4nner in i hj\u00e4rteroten just nu. Jag\/vi m\u00f6tte &hellip; <a href=\"https:\/\/blog.skruttet.com\/?p=6020\">Forts\u00e4tt l\u00e4sa <span class=\"meta-nav\">&rarr;<\/span><\/a><\/p>\n","protected":false},"author":1,"featured_media":0,"comment_status":"open","ping_status":"open","sticky":false,"template":"","format":"standard","meta":[],"categories":[11],"tags":[45,81,71],"_links":{"self":[{"href":"https:\/\/blog.skruttet.com\/index.php?rest_route=\/wp\/v2\/posts\/6020"}],"collection":[{"href":"https:\/\/blog.skruttet.com\/index.php?rest_route=\/wp\/v2\/posts"}],"about":[{"href":"https:\/\/blog.skruttet.com\/index.php?rest_route=\/wp\/v2\/types\/post"}],"author":[{"embeddable":true,"href":"https:\/\/blog.skruttet.com\/index.php?rest_route=\/wp\/v2\/users\/1"}],"replies":[{"embeddable":true,"href":"https:\/\/blog.skruttet.com\/index.php?rest_route=%2Fwp%2Fv2%2Fcomments&post=6020"}],"version-history":[{"count":4,"href":"https:\/\/blog.skruttet.com\/index.php?rest_route=\/wp\/v2\/posts\/6020\/revisions"}],"predecessor-version":[{"id":6024,"href":"https:\/\/blog.skruttet.com\/index.php?rest_route=\/wp\/v2\/posts\/6020\/revisions\/6024"}],"wp:attachment":[{"href":"https:\/\/blog.skruttet.com\/index.php?rest_route=%2Fwp%2Fv2%2Fmedia&parent=6020"}],"wp:term":[{"taxonomy":"category","embeddable":true,"href":"https:\/\/blog.skruttet.com\/index.php?rest_route=%2Fwp%2Fv2%2Fcategories&post=6020"},{"taxonomy":"post_tag","embeddable":true,"href":"https:\/\/blog.skruttet.com\/index.php?rest_route=%2Fwp%2Fv2%2Ftags&post=6020"}],"curies":[{"name":"wp","href":"https:\/\/api.w.org\/{rel}","templated":true}]}}