{"id":605,"date":"2008-05-14T16:30:03","date_gmt":"2008-05-14T14:30:03","guid":{"rendered":"http:\/\/bekr"},"modified":"2008-05-14T16:30:03","modified_gmt":"2008-05-14T14:30:03","slug":"bekraftelse","status":"publish","type":"post","link":"https:\/\/blog.skruttet.com\/?p=605","title":{"rendered":"Bekr\u00e4ftelse&#8230;."},"content":{"rendered":"<p><a href=\"http:\/\/bilder.bloggen.fi\/skruttet\/Sommarbild.jpg\"><img src=\"http:\/\/bilder.bloggen.fi\/skruttet\/thumb_Sommarbild.jpg\" align=\"right\" border=\"0\"><\/a><\/p>\n<div>Nu k\u00e4nns det bara s\u00e5\u00e5\u00e5 sk\u00f6nt =)<\/div>\n<div>Jag har under dagen f\u00e5tt n\u00e5got av en bekr\u00e4ftelse p\u00e5 att man kunde ha handlat annorlunda&#8230;. Att den hj\u00e4lp jag f\u00e5r NU borde ha kommit tidigare&#8230;..<\/div>\n<div>&nbsp;<\/div>\n<div>Jag kunde vara arg, jag skulle ha orsak att vara det&#8230; Men det \u00e4r jag inte. K\u00e4nns som om jag har varit arg och besviken s\u00e5 det r\u00e4cker&#8230; I st\u00e4llet tar jag emot \u00c4nglateamets utstr\u00e4ckta hand och tar emot hj\u00e4lpen dom vill ge!!! <\/div>\n<div>&nbsp;<\/div>\n<div>Nu funkar v\u00e5rden som den ska!! <\/div>\n<div>&nbsp;<\/div>\n<div>Och jag forts\u00e4tter skriva p\u00e5 min \u00c4nglablogg f\u00f6r att bearbeta och hantera sm\u00e4rtan&#8230;. Men ocks\u00e5 f\u00f6r att \u00f6ka och sprida kunskap om hur det \u00e4r att leva med kronisk sm\u00e4rta&#8230;. Och hur man <b>kan <\/b>hantera den&#8230;.<\/div>\n<div>Var och en har sitt s\u00e4tt, inget s\u00e4tt \u00e4r fel&#8230;. Huvudsaken \u00e4r att det hj\u00e4lper eller k\u00e4nns l\u00e4ttare&#8230;<\/div>\n<div>&nbsp;<\/div>\n<div>Att leva med kronisk sm\u00e4rta \u00e4r tungt, obehandlat \u00e4r det ett rent helvete&#8230; Men med r\u00e4tt behandling kan man leva ett normalt, underbart liv&#8230;.<\/div>\n<div>&nbsp;<\/div>\n<div>K\u00e4nns som om jag har kommit \u00e4nnu ett steg p\u00e5 v\u00e4gen, \u00e4nnu ett steg mot ljuset&#8230; Jag vet att m\u00f6rkret kommer igen, men jag tror inte att det kommer att vara SVART!<\/div>\n<div>&nbsp;<\/div>\n<div>L\u00e4ttad \u00e4r Skuttet nu!! *torkar en t\u00e5r*<\/div>\n<div>\u00c4nglakramar!<\/div>\n","protected":false},"excerpt":{"rendered":"<p>Nu k\u00e4nns det bara s\u00e5\u00e5\u00e5 sk\u00f6nt =) Jag har under dagen f\u00e5tt n\u00e5got av en bekr\u00e4ftelse p\u00e5 att man kunde ha handlat annorlunda&#8230;. Att den hj\u00e4lp jag f\u00e5r NU borde ha kommit tidigare&#8230;.. &nbsp; Jag kunde vara arg, jag skulle &hellip; <a href=\"https:\/\/blog.skruttet.com\/?p=605\">Forts\u00e4tt l\u00e4sa <span class=\"meta-nav\">&rarr;<\/span><\/a><\/p>\n","protected":false},"author":1,"featured_media":0,"comment_status":"open","ping_status":"open","sticky":false,"template":"","format":"standard","meta":[],"categories":[10,11,14],"tags":[],"_links":{"self":[{"href":"https:\/\/blog.skruttet.com\/index.php?rest_route=\/wp\/v2\/posts\/605"}],"collection":[{"href":"https:\/\/blog.skruttet.com\/index.php?rest_route=\/wp\/v2\/posts"}],"about":[{"href":"https:\/\/blog.skruttet.com\/index.php?rest_route=\/wp\/v2\/types\/post"}],"author":[{"embeddable":true,"href":"https:\/\/blog.skruttet.com\/index.php?rest_route=\/wp\/v2\/users\/1"}],"replies":[{"embeddable":true,"href":"https:\/\/blog.skruttet.com\/index.php?rest_route=%2Fwp%2Fv2%2Fcomments&post=605"}],"version-history":[{"count":0,"href":"https:\/\/blog.skruttet.com\/index.php?rest_route=\/wp\/v2\/posts\/605\/revisions"}],"wp:attachment":[{"href":"https:\/\/blog.skruttet.com\/index.php?rest_route=%2Fwp%2Fv2%2Fmedia&parent=605"}],"wp:term":[{"taxonomy":"category","embeddable":true,"href":"https:\/\/blog.skruttet.com\/index.php?rest_route=%2Fwp%2Fv2%2Fcategories&post=605"},{"taxonomy":"post_tag","embeddable":true,"href":"https:\/\/blog.skruttet.com\/index.php?rest_route=%2Fwp%2Fv2%2Ftags&post=605"}],"curies":[{"name":"wp","href":"https:\/\/api.w.org\/{rel}","templated":true}]}}