{"id":6116,"date":"2014-10-09T12:49:16","date_gmt":"2014-10-09T09:49:16","guid":{"rendered":"http:\/\/www.skruttet.com\/?p=6116"},"modified":"2014-10-09T13:00:08","modified_gmt":"2014-10-09T10:00:08","slug":"inget-barn-ska-sta-utanfor","status":"publish","type":"post","link":"https:\/\/blog.skruttet.com\/?p=6116","title":{"rendered":"Inget barn ska st\u00e5 utanf\u00f6r!"},"content":{"rendered":"<p><em><a href=\"http:\/\/www.skruttet.com\/blog\/wp-content\/uploads\/2014\/10\/Socialt-utanf\u00f6rskap_unicef.jpg\"><img loading=\"lazy\" class=\"alignright size-medium wp-image-6117\" src=\"http:\/\/www.skruttet.com\/blog\/wp-content\/uploads\/2014\/10\/Socialt-utanf\u00f6rskap_unicef-300x300.jpg\" alt=\"Socialt utanf\u00f6rskap_unicef\" width=\"300\" height=\"300\" srcset=\"https:\/\/blog.skruttet.com\/wp-content\/uploads\/2014\/10\/Socialt-utanf\u00f6rskap_unicef-300x300.jpg 300w, https:\/\/blog.skruttet.com\/wp-content\/uploads\/2014\/10\/Socialt-utanf\u00f6rskap_unicef-150x150.jpg 150w, https:\/\/blog.skruttet.com\/wp-content\/uploads\/2014\/10\/Socialt-utanf\u00f6rskap_unicef.jpg 575w\" sizes=\"(max-width: 300px) 100vw, 300px\" \/><\/a>Oavsett vem som styr i Sverige finns ett l\u00f6fte som aldrig infrias: att bryta socialt utanf\u00f6rskap bland barn. Faktum \u00e4r att utvecklingen snarare g\u00e5r bak\u00e5t p\u00e5 flera omr\u00e5den. UNICEF Sverige kr\u00e4ver d\u00e4rf\u00f6r att den nya regeringen tar fr\u00e5gan p\u00e5 allvar.\u00a0<\/em><em>Inga barn ska beh\u00f6va leva i ett socialt utanf\u00f6rskap.\u00a0St\u00e4ll dig bakom kravet p\u00e5\u00a0<a href=\"http:\/\/unicef.se\/ad\/CA80E0?target=\/socialt-utanforskap\" target=\"_blank\">http:\/\/unicef.se\/socialt-utanforskap<\/a>. G\u00f6r det nu!<br \/>\n<a href=\"http:\/\/unicef.se\/ad\/CA80E0?target=\/socialt-utanforskap\"><br \/>\nhttp:\/\/unicef.se\/ad\/CA80E0?target=\/socialt-utanforskap<\/a><\/em><\/p>\n<p>#ingafler<\/p>\n<p>(Foto: UNICEF)<\/p>\n<p>Alla barn ska f\u00e5 vara barn, med samma r\u00e4ttigheter. Barndomen kommer aldrig igen.<br \/>\nInget barn ska beh\u00f6va st\u00e5 utanf\u00f6r!<\/p>\n<p><em>Hur du g\u00e5r tillv\u00e4ga f\u00f6r att bli bloggare f\u00f6r UNICEF f\u00e5r du veta\u00a0<a href=\"http:\/\/unicef.se\/sprid-budskapet\/bli-bloggare-for-varenda-unge\">h\u00e4r.<br \/>\n<\/a><\/em><\/p>\n<p>\u00c4nglakramar!!<\/p>\n","protected":false},"excerpt":{"rendered":"<p>Oavsett vem som styr i Sverige finns ett l\u00f6fte som aldrig infrias: att bryta socialt utanf\u00f6rskap bland barn. Faktum \u00e4r att utvecklingen snarare g\u00e5r bak\u00e5t p\u00e5 flera omr\u00e5den. UNICEF Sverige kr\u00e4ver d\u00e4rf\u00f6r att den nya regeringen tar fr\u00e5gan p\u00e5 allvar.\u00a0Inga &hellip; <a href=\"https:\/\/blog.skruttet.com\/?p=6116\">Forts\u00e4tt l\u00e4sa <span class=\"meta-nav\">&rarr;<\/span><\/a><\/p>\n","protected":false},"author":1,"featured_media":0,"comment_status":"open","ping_status":"open","sticky":false,"template":"","format":"standard","meta":[],"categories":[20],"tags":[],"_links":{"self":[{"href":"https:\/\/blog.skruttet.com\/index.php?rest_route=\/wp\/v2\/posts\/6116"}],"collection":[{"href":"https:\/\/blog.skruttet.com\/index.php?rest_route=\/wp\/v2\/posts"}],"about":[{"href":"https:\/\/blog.skruttet.com\/index.php?rest_route=\/wp\/v2\/types\/post"}],"author":[{"embeddable":true,"href":"https:\/\/blog.skruttet.com\/index.php?rest_route=\/wp\/v2\/users\/1"}],"replies":[{"embeddable":true,"href":"https:\/\/blog.skruttet.com\/index.php?rest_route=%2Fwp%2Fv2%2Fcomments&post=6116"}],"version-history":[{"count":4,"href":"https:\/\/blog.skruttet.com\/index.php?rest_route=\/wp\/v2\/posts\/6116\/revisions"}],"predecessor-version":[{"id":6122,"href":"https:\/\/blog.skruttet.com\/index.php?rest_route=\/wp\/v2\/posts\/6116\/revisions\/6122"}],"wp:attachment":[{"href":"https:\/\/blog.skruttet.com\/index.php?rest_route=%2Fwp%2Fv2%2Fmedia&parent=6116"}],"wp:term":[{"taxonomy":"category","embeddable":true,"href":"https:\/\/blog.skruttet.com\/index.php?rest_route=%2Fwp%2Fv2%2Fcategories&post=6116"},{"taxonomy":"post_tag","embeddable":true,"href":"https:\/\/blog.skruttet.com\/index.php?rest_route=%2Fwp%2Fv2%2Ftags&post=6116"}],"curies":[{"name":"wp","href":"https:\/\/api.w.org\/{rel}","templated":true}]}}