{"id":6160,"date":"2014-11-24T16:51:10","date_gmt":"2014-11-24T14:51:10","guid":{"rendered":"http:\/\/www.skruttet.com\/?p=6160"},"modified":"2014-11-24T17:10:07","modified_gmt":"2014-11-24T15:10:07","slug":"nya-anglar-tar-plats","status":"publish","type":"post","link":"https:\/\/blog.skruttet.com\/?p=6160","title":{"rendered":"Nya \u00c4nglar tar plats&#8230;"},"content":{"rendered":"<p>M\u00e5ndag. En dag som g\u00e5r i ledighetens tecken.<br \/>\nSn\u00f6n kom och gick. Ute regnar det och gr\u00e4smattan lyser gr\u00f6n.<br \/>\nI f\u00f6nstret h\u00e4nger en vit adventsstj\u00e4rna i papper.<br \/>\nHela dagen har den varit t\u00e4nd och sk\u00e4nkt rummet ett vackert och varmt sken.<br \/>\nMycket v\u00e4lkommet!<\/p>\n<p>M\u00f6rker och gr\u00e5daskigt v\u00e4der ogillas. Speciellt i samtid med drakens g\u00e4stspel.<br \/>\n\u00c4nnu kr\u00e4ver kroppen enorma m\u00e4ngder energi f\u00f6r att hantera sm\u00e4rtan.<br \/>\nTr\u00f6ttheten finns. Allt f\u00f6r ofta om man fr\u00e5gar mig.<br \/>\nRekommendationer och behandlingar provas.<br \/>\nMedicinering har avslutats d\u00e5 jag svarar inte p\u00e5 behandlingen s\u00e5 som t\u00e4nkt.<br \/>\nS\u00e5 p\u00e5 s\u00e4tt och vis \u00e4r vi tillbaks p\u00e5 ruta ett.<\/p>\n<p>Men \u00e4nd\u00e5 inte.\u00a0<a href=\"http:\/\/www.skruttet.com\/blog\/wp-content\/uploads\/2012\/12\/hand1.jpg\"><img loading=\"lazy\" class=\"alignright size-full wp-image-4587\" src=\"http:\/\/www.skruttet.com\/blog\/wp-content\/uploads\/2012\/12\/hand1.jpg\" alt=\"hand[1]\" width=\"300\" height=\"219\" \/><\/a><br \/>\nI mitt inre finns \u00e4nd\u00e5 ett hopp.<br \/>\nNu om n\u00e5gonsin l\u00e4r jag mig att prioritera.<br \/>\nAtt v\u00e4lja saker som ger. Och att l\u00e4mna bort s\u00e5dant som tar.<br \/>\nAtt inte orka med allt jag vill g\u00f6r mig ledsen.\u00a0Men jag g\u00f6r som f\u00f6rr &#8211; delar upp, med vila emellan &#8211; det funkar ganska bra!<\/p>\n<p>F\u00f6rs\u00f6ker ta det f\u00f6r vad det \u00e4r och har nu insett att hela jag \u00e4r totalt t\u00f6md. Och d\u00e4rav l\u00e5ter jag n\u00e5gra nya \u00c4nglar f\u00e5 plats i mitt &#8221;team&#8221; i form av att \u00e5teruppta hanteringsterapin, KBT- terapi.\u00a0Efter n\u00e5gra \u00e5rs uppeh\u00e5ll.<\/p>\n<p>Dit kommer man med remiss och n\u00e4r hj\u00e4lpen finns att f\u00e5 vore det ju mindre smart att tacka nej?!\u00a0F\u00f6r min del har den tidigare varit ett ypperligt sm\u00e4rthanteringsredskap.<br \/>\nI kombination med eget skrivande d\u00e5. S\u00e5 det blir s\u00e4kert riktigt bra \u00e4ven nu.<br \/>\nDet k\u00e4nns i alla fall som ett bra beslut! \ud83d\ude42<\/p>\n<p>Vidare f\u00f6rlitar jag mig \u00e4n en g\u00e5ng p\u00e5 v\u00e5rden och en inriktad specialist.<br \/>\nI morgon finns ett inbokat bes\u00f6k.<br \/>\nDen h\u00e4r g\u00e5ngen som ett fall p\u00e5 ytterligare en \u00c4nglaprofessors bord.\u00a0Vilket betyder att sm\u00e4rthistorien ska ber\u00e4ttas igen. Jag har, under dagen, f\u00f6rs\u00f6kt v\u00e4va i hop allt viktigt, till n\u00e5got kort. Att f\u00e5 hela bakgrunden kort och s\u00e5 enkelt som m\u00f6jligt \u00e4r en utmaning i sig! Sk\u00f6nt \u00a0att kunna ta bloggen till hj\u00e4lp, f\u00f6r att f\u00e5 tidsperspektivet n\u00e5gorlunda r\u00e4tt.<\/p>\n<p>Allt f\u00f6r att bli hj\u00e4lpt p\u00e5 b\u00e4sta s\u00e4tt &#8211;\u00a0Positiva tankar beh\u00f6vs nu!<br \/>\n\u00c4nglakramar!<\/p>\n<p>(Bilden \u00e4r googlad)<\/p>\n<p>&nbsp;<\/p>\n","protected":false},"excerpt":{"rendered":"<p>M\u00e5ndag. En dag som g\u00e5r i ledighetens tecken. Sn\u00f6n kom och gick. Ute regnar det och gr\u00e4smattan lyser gr\u00f6n. I f\u00f6nstret h\u00e4nger en vit adventsstj\u00e4rna i papper. Hela dagen har den varit t\u00e4nd och sk\u00e4nkt rummet ett vackert och varmt &hellip; <a href=\"https:\/\/blog.skruttet.com\/?p=6160\">Forts\u00e4tt l\u00e4sa <span class=\"meta-nav\">&rarr;<\/span><\/a><\/p>\n","protected":false},"author":1,"featured_media":0,"comment_status":"open","ping_status":"open","sticky":false,"template":"","format":"standard","meta":[],"categories":[11,14],"tags":[78,82,81],"_links":{"self":[{"href":"https:\/\/blog.skruttet.com\/index.php?rest_route=\/wp\/v2\/posts\/6160"}],"collection":[{"href":"https:\/\/blog.skruttet.com\/index.php?rest_route=\/wp\/v2\/posts"}],"about":[{"href":"https:\/\/blog.skruttet.com\/index.php?rest_route=\/wp\/v2\/types\/post"}],"author":[{"embeddable":true,"href":"https:\/\/blog.skruttet.com\/index.php?rest_route=\/wp\/v2\/users\/1"}],"replies":[{"embeddable":true,"href":"https:\/\/blog.skruttet.com\/index.php?rest_route=%2Fwp%2Fv2%2Fcomments&post=6160"}],"version-history":[{"count":9,"href":"https:\/\/blog.skruttet.com\/index.php?rest_route=\/wp\/v2\/posts\/6160\/revisions"}],"predecessor-version":[{"id":6170,"href":"https:\/\/blog.skruttet.com\/index.php?rest_route=\/wp\/v2\/posts\/6160\/revisions\/6170"}],"wp:attachment":[{"href":"https:\/\/blog.skruttet.com\/index.php?rest_route=%2Fwp%2Fv2%2Fmedia&parent=6160"}],"wp:term":[{"taxonomy":"category","embeddable":true,"href":"https:\/\/blog.skruttet.com\/index.php?rest_route=%2Fwp%2Fv2%2Fcategories&post=6160"},{"taxonomy":"post_tag","embeddable":true,"href":"https:\/\/blog.skruttet.com\/index.php?rest_route=%2Fwp%2Fv2%2Ftags&post=6160"}],"curies":[{"name":"wp","href":"https:\/\/api.w.org\/{rel}","templated":true}]}}