{"id":6264,"date":"2015-09-08T16:18:13","date_gmt":"2015-09-08T13:18:13","guid":{"rendered":"http:\/\/www.skruttet.com\/?p=6264"},"modified":"2015-09-08T16:20:47","modified_gmt":"2015-09-08T13:20:47","slug":"kampa-for-barn-pa-flykt","status":"publish","type":"post","link":"https:\/\/blog.skruttet.com\/?p=6264","title":{"rendered":"K\u00e4mpa f\u00f6r barn p\u00e5 flykt"},"content":{"rendered":"<p class=\"ecxMsoNormal\"><i><a href=\"http:\/\/www.skruttet.com\/blog\/wp-content\/uploads\/2015\/09\/unicefs-krav.jpg\"><img loading=\"lazy\" class=\"aligncenter size-full wp-image-6265\" src=\"http:\/\/www.skruttet.com\/blog\/wp-content\/uploads\/2015\/09\/unicefs-krav.jpg\" alt=\"unicefs krav\" width=\"567\" height=\"567\" srcset=\"https:\/\/blog.skruttet.com\/wp-content\/uploads\/2015\/09\/unicefs-krav.jpg 567w, https:\/\/blog.skruttet.com\/wp-content\/uploads\/2015\/09\/unicefs-krav-150x150.jpg 150w, https:\/\/blog.skruttet.com\/wp-content\/uploads\/2015\/09\/unicefs-krav-300x300.jpg 300w\" sizes=\"(max-width: 567px) 100vw, 567px\" \/><\/a>30\u00a0miljoner barn befinner sig nu just nu p\u00e5 flykt i Europa och \u00f6vriga v\u00e4rlden. Som alltid i katastrofer \u00e4r det barnen som drabbas h\u00e5rdast. UNICEF finns p\u00e5 plats med katastrofinsatser b\u00e5de i de konfliktdrabbade l\u00e4nderna, i flyktingl\u00e4gren och p\u00e5 flyktv\u00e4gen. Men, behoven \u00e4r fortsatt stora. R\u00e4dda barns liv, ge en g\u00e5va p\u00e5 <a href=\"http:\/\/bit.ly\/ge-en-gava-barn-pa-flykt\" target=\"_blank\">unicef.se<\/a> eller sms:a LIV till 72900 f\u00f6r att sk\u00e4nka 100 kronor. Du kan ocks\u00e5 swisha en g\u00e5va till barn p\u00e5 flykt, nummer <\/i><i>123-024 00 36 (rekommenderad summa: 100 kr).<\/i><\/p>\n<p class=\"ecxMsoNormal\">#unicefsverige.<\/p>\n","protected":false},"excerpt":{"rendered":"<p>30\u00a0miljoner barn befinner sig nu just nu p\u00e5 flykt i Europa och \u00f6vriga v\u00e4rlden. Som alltid i katastrofer \u00e4r det barnen som drabbas h\u00e5rdast. UNICEF finns p\u00e5 plats med katastrofinsatser b\u00e5de i de konfliktdrabbade l\u00e4nderna, i flyktingl\u00e4gren och p\u00e5 flyktv\u00e4gen. &hellip; <a href=\"https:\/\/blog.skruttet.com\/?p=6264\">Forts\u00e4tt l\u00e4sa <span class=\"meta-nav\">&rarr;<\/span><\/a><\/p>\n","protected":false},"author":1,"featured_media":0,"comment_status":"open","ping_status":"open","sticky":false,"template":"","format":"standard","meta":[],"categories":[20],"tags":[],"_links":{"self":[{"href":"https:\/\/blog.skruttet.com\/index.php?rest_route=\/wp\/v2\/posts\/6264"}],"collection":[{"href":"https:\/\/blog.skruttet.com\/index.php?rest_route=\/wp\/v2\/posts"}],"about":[{"href":"https:\/\/blog.skruttet.com\/index.php?rest_route=\/wp\/v2\/types\/post"}],"author":[{"embeddable":true,"href":"https:\/\/blog.skruttet.com\/index.php?rest_route=\/wp\/v2\/users\/1"}],"replies":[{"embeddable":true,"href":"https:\/\/blog.skruttet.com\/index.php?rest_route=%2Fwp%2Fv2%2Fcomments&post=6264"}],"version-history":[{"count":3,"href":"https:\/\/blog.skruttet.com\/index.php?rest_route=\/wp\/v2\/posts\/6264\/revisions"}],"predecessor-version":[{"id":6268,"href":"https:\/\/blog.skruttet.com\/index.php?rest_route=\/wp\/v2\/posts\/6264\/revisions\/6268"}],"wp:attachment":[{"href":"https:\/\/blog.skruttet.com\/index.php?rest_route=%2Fwp%2Fv2%2Fmedia&parent=6264"}],"wp:term":[{"taxonomy":"category","embeddable":true,"href":"https:\/\/blog.skruttet.com\/index.php?rest_route=%2Fwp%2Fv2%2Fcategories&post=6264"},{"taxonomy":"post_tag","embeddable":true,"href":"https:\/\/blog.skruttet.com\/index.php?rest_route=%2Fwp%2Fv2%2Ftags&post=6264"}],"curies":[{"name":"wp","href":"https:\/\/api.w.org\/{rel}","templated":true}]}}