{"id":6307,"date":"2015-10-18T00:31:04","date_gmt":"2015-10-17T21:31:04","guid":{"rendered":"http:\/\/www.skruttet.com\/?p=6307"},"modified":"2015-10-19T13:04:47","modified_gmt":"2015-10-19T10:04:47","slug":"loppis-fynd-och-lordagspremiar","status":"publish","type":"post","link":"https:\/\/blog.skruttet.com\/?p=6307","title":{"rendered":"Loppisfynd och l\u00f6rdagspremi\u00e4r&#8230;."},"content":{"rendered":"<p>L\u00f6rdagskv\u00e4llen har blivit sen och en riktigt bra dag \u00e4r s\u00e5lunda snart till \u00e4nda.<br \/>\nI kv\u00e4ll har vi sett premi\u00e4ren av \u00e5rets\u00a0<a href=\"http:\/\/www.tv4.se\/s%C3%A5-mycket-b%C3%A4ttre\/artiklar\/vilka-%C3%A4r-artisterna-i-s%C3%A5-mycket-b%C3%A4ttre-2015-5538c753fca38fd1ac0002ce\">S\u00e5 mycket b\u00e4ttre<\/a>. \u00a0Det ser ut att bli en bra s\u00e4song med en intressant blandning artister!<\/p>\n<p>Dagen i \u00f6vrigt har varit med fylld med m\u00e4nniskom\u00f6ten av olika slag.<br \/>\nOch s\u00e5 har vi har har fyndat p\u00e5 loppisar. I kassen med fynd fanns bland annat en knippe b\u00f6cker.\u00a0Nu \u00e4r v\u00e5rt lilla hemmabibliotek fyllt till bredden med b\u00f6cker i en m\u00e4ngd olika genrer. \u00a0<a href=\"http:\/\/www.skruttet.com\/blog\/wp-content\/uploads\/2015\/10\/20151018_000131.jpg\"><img loading=\"lazy\" class=\"aligncenter size-medium wp-image-6308\" src=\"http:\/\/www.skruttet.com\/blog\/wp-content\/uploads\/2015\/10\/20151018_000131-168x300.jpg\" alt=\"20151018_000131\" width=\"168\" height=\"300\" srcset=\"https:\/\/blog.skruttet.com\/wp-content\/uploads\/2015\/10\/20151018_000131-168x300.jpg 168w, https:\/\/blog.skruttet.com\/wp-content\/uploads\/2015\/10\/20151018_000131-576x1024.jpg 576w, https:\/\/blog.skruttet.com\/wp-content\/uploads\/2015\/10\/20151018_000131.jpg 1836w\" sizes=\"(max-width: 168px) 100vw, 168px\" \/><\/a>Jag ser fram emot vintern, att f\u00e5 sitta i v\u00e5r nyinredda l\u00e4sh\u00f6rna. (saknar \u00e4nnu en bra l\u00e4slampa) med en kopp kaffe eller te. Jag ska l\u00e5ta mig svepas med i verklighetsbaserade ber\u00e4ttelser och h\u00e4mta inspiration fr\u00e5n diverse olika livs\u00f6den.<br \/>\nS\u00e5 har du n\u00e5gra bra boktips &#8211; skriv en kommentar &#8211; \u00f6s p\u00e5!<br \/>\nKanske kanske jag skapar en kategori med boktips?<br \/>\nDet \u00e5terst\u00e5r att se.<\/p>\n<p>Nu \u00e4r det i alla fall dags att krypa i s\u00e4ng &#8211; Godnatt!<br \/>\n\u00c4nglakramar!<\/p>\n<p>(Bilden \u00e4r privat)<\/p>\n","protected":false},"excerpt":{"rendered":"<p>L\u00f6rdagskv\u00e4llen har blivit sen och en riktigt bra dag \u00e4r s\u00e5lunda snart till \u00e4nda. I kv\u00e4ll har vi sett premi\u00e4ren av \u00e5rets\u00a0S\u00e5 mycket b\u00e4ttre. \u00a0Det ser ut att bli en bra s\u00e4song med en intressant blandning artister! Dagen i \u00f6vrigt &hellip; <a href=\"https:\/\/blog.skruttet.com\/?p=6307\">Forts\u00e4tt l\u00e4sa <span class=\"meta-nav\">&rarr;<\/span><\/a><\/p>\n","protected":false},"author":1,"featured_media":0,"comment_status":"open","ping_status":"open","sticky":false,"template":"","format":"standard","meta":[],"categories":[98,16],"tags":[128,127],"_links":{"self":[{"href":"https:\/\/blog.skruttet.com\/index.php?rest_route=\/wp\/v2\/posts\/6307"}],"collection":[{"href":"https:\/\/blog.skruttet.com\/index.php?rest_route=\/wp\/v2\/posts"}],"about":[{"href":"https:\/\/blog.skruttet.com\/index.php?rest_route=\/wp\/v2\/types\/post"}],"author":[{"embeddable":true,"href":"https:\/\/blog.skruttet.com\/index.php?rest_route=\/wp\/v2\/users\/1"}],"replies":[{"embeddable":true,"href":"https:\/\/blog.skruttet.com\/index.php?rest_route=%2Fwp%2Fv2%2Fcomments&post=6307"}],"version-history":[{"count":7,"href":"https:\/\/blog.skruttet.com\/index.php?rest_route=\/wp\/v2\/posts\/6307\/revisions"}],"predecessor-version":[{"id":6315,"href":"https:\/\/blog.skruttet.com\/index.php?rest_route=\/wp\/v2\/posts\/6307\/revisions\/6315"}],"wp:attachment":[{"href":"https:\/\/blog.skruttet.com\/index.php?rest_route=%2Fwp%2Fv2%2Fmedia&parent=6307"}],"wp:term":[{"taxonomy":"category","embeddable":true,"href":"https:\/\/blog.skruttet.com\/index.php?rest_route=%2Fwp%2Fv2%2Fcategories&post=6307"},{"taxonomy":"post_tag","embeddable":true,"href":"https:\/\/blog.skruttet.com\/index.php?rest_route=%2Fwp%2Fv2%2Ftags&post=6307"}],"curies":[{"name":"wp","href":"https:\/\/api.w.org\/{rel}","templated":true}]}}