{"id":634,"date":"2008-06-19T22:42:40","date_gmt":"2008-06-19T20:42:40","guid":{"rendered":"http:\/\/f"},"modified":"2008-06-19T22:42:40","modified_gmt":"2008-06-19T20:42:40","slug":"far-en-liten-jvels-skull","status":"publish","type":"post","link":"https:\/\/blog.skruttet.com\/?p=634","title":{"rendered":"F\u00f6r en liten j*vels skull!!"},"content":{"rendered":"<p>&nbsp;<\/p>\n<div>I dag har det varit en relativt bra dag i \u00c4nglapalatset&#8230;<\/div>\n<div>&nbsp;<\/div>\n<div>Bortsett fr\u00e5n en sak;<br \/>Har ju i tidigare inl\u00e4gg skrivit om huvudv\u00e4rk, l\u00e4tt illam\u00e5eende, tr\u00f6tthet och ledv\u00e4rk&#8230;. Symptom som jag har haft f\u00f6rr, av \u00f6verg\u00e5eende k\u00e4rrakt\u00e4r, som&nbsp;kunde&nbsp;relateras till&nbsp;behandlingen med Livial&#8230;. att doseringen ej varit r\u00e4tt. <\/div>\n<div>&nbsp;<\/div>\n<div>Denna g\u00e5ng har det k\u00e4nts segare&#8230; Det har aldrig liksom g\u00e5tt \u00f6ver. Men jag har t\u00e4nkt: Det g\u00e5r nog \u00f6ver och tagit en v\u00e4rktablett f\u00f6r att f\u00f6r stunden bli hj\u00e4lpt.<\/div>\n<div>&nbsp;<\/div>\n<div>N\u00e5v\u00e4l&#8230; I dag tilltog ledv\u00e4rken igen och det k\u00e4ndes som om jag hade ett tryckande h\u00f6lje runt musklerna, k\u00e4ndes sega och stela p\u00e5 n\u00e5got obeskrivligt s\u00e4tt.<\/div>\n<div>&nbsp;<a title=\"bloggen.fi\/skruttet\" href=\"http:\/\/bilder.bloggen.fi\/skruttet\/20080619224232.jpg\" rel=\"lytebox\"><img src=\"http:\/\/bilder.bloggen.fi\/skruttet\/thumb_20080619224232.jpg\" border=\"0\"><\/a><\/div>\n<div>Ringde och en v\u00e5rdande \u00c4ngel st\u00e4llde fr\u00e5gan; <\/div>\n<div><i>Har du haft n\u00e5n f\u00e4sting??<\/i><\/div>\n<div>Vid n\u00e4rmare eftertanke s\u00e5 mindes jag att jag hade haft en liten, liten som kliade n\u00e5got infernaliskt f\u00f6r n\u00e5gra veckor sedan&#8230; =( <\/div>\n<div>&nbsp;<\/div>\n<div>\u00c4ngeln bokade in mig&#8230; For i v\u00e4g och d\u00e5 bes\u00f6ket var avklarat hade jag f\u00e5tt svaret: Borrelia.<\/div>\n<div>&nbsp;<\/div>\n<div>Nu v\u00e4ntar en antibiotikakur: 6 tabletter om dagen i 2 veckors tid.<\/div>\n<div>F\u00f6r en liten j*vels skull!!!<\/div>\n","protected":false},"excerpt":{"rendered":"<p>&nbsp; I dag har det varit en relativt bra dag i \u00c4nglapalatset&#8230; &nbsp; Bortsett fr\u00e5n en sak;Har ju i tidigare inl\u00e4gg skrivit om huvudv\u00e4rk, l\u00e4tt illam\u00e5eende, tr\u00f6tthet och ledv\u00e4rk&#8230;. Symptom som jag har haft f\u00f6rr, av \u00f6verg\u00e5eende k\u00e4rrakt\u00e4r, som&nbsp;kunde&nbsp;relateras till&nbsp;behandlingen &hellip; <a href=\"https:\/\/blog.skruttet.com\/?p=634\">Forts\u00e4tt l\u00e4sa <span class=\"meta-nav\">&rarr;<\/span><\/a><\/p>\n","protected":false},"author":1,"featured_media":0,"comment_status":"open","ping_status":"open","sticky":false,"template":"","format":"standard","meta":[],"categories":[9],"tags":[],"_links":{"self":[{"href":"https:\/\/blog.skruttet.com\/index.php?rest_route=\/wp\/v2\/posts\/634"}],"collection":[{"href":"https:\/\/blog.skruttet.com\/index.php?rest_route=\/wp\/v2\/posts"}],"about":[{"href":"https:\/\/blog.skruttet.com\/index.php?rest_route=\/wp\/v2\/types\/post"}],"author":[{"embeddable":true,"href":"https:\/\/blog.skruttet.com\/index.php?rest_route=\/wp\/v2\/users\/1"}],"replies":[{"embeddable":true,"href":"https:\/\/blog.skruttet.com\/index.php?rest_route=%2Fwp%2Fv2%2Fcomments&post=634"}],"version-history":[{"count":0,"href":"https:\/\/blog.skruttet.com\/index.php?rest_route=\/wp\/v2\/posts\/634\/revisions"}],"wp:attachment":[{"href":"https:\/\/blog.skruttet.com\/index.php?rest_route=%2Fwp%2Fv2%2Fmedia&parent=634"}],"wp:term":[{"taxonomy":"category","embeddable":true,"href":"https:\/\/blog.skruttet.com\/index.php?rest_route=%2Fwp%2Fv2%2Fcategories&post=634"},{"taxonomy":"post_tag","embeddable":true,"href":"https:\/\/blog.skruttet.com\/index.php?rest_route=%2Fwp%2Fv2%2Ftags&post=634"}],"curies":[{"name":"wp","href":"https:\/\/api.w.org\/{rel}","templated":true}]}}