{"id":636,"date":"2008-06-24T01:01:58","date_gmt":"2008-06-23T23:01:58","guid":{"rendered":"http:\/\/ett-liv-med-en-"},"modified":"2008-06-24T01:01:58","modified_gmt":"2008-06-23T23:01:58","slug":"ett-liv-med-en-angel-2","status":"publish","type":"post","link":"https:\/\/blog.skruttet.com\/?p=636","title":{"rendered":"Ett liv med en \u00c4ngel"},"content":{"rendered":"<p><a title=\"bloggen.fi\/skruttet\" href=\"http:\/\/bilder.bloggen.fi\/skruttet\/20080624010150.jpg\" rel=\"lytebox\"><img src=\"http:\/\/bilder.bloggen.fi\/skruttet\/thumb_20080624010150.jpg\" border=\"0\"><\/a><\/p>\n<div>T\u00e4nkte bara kika in och ge alla bloggl\u00e4sande \u00c4nglar ett livstecken =)<\/div>\n<div>Midsommar kom och f\u00f6rfl\u00f6t p\u00e5 trevligt s\u00e4tt.<\/div>\n<div>Tr\u00f6tt av antibiotikan blir jag, annars \u00e4r allt v\u00e4l. Borde inte ta s\u00e5 l\u00e4nge innan den b\u00f6rjar hj\u00e4lpa nu.<\/div>\n<div>&nbsp;<\/div>\n<div>Nu har \u00c4nglapalatset varit mitt och &lt;3 &#8211; \u00c4ngelns gemensamma hem i n\u00e5gra veckor och jag konstaterar:<\/p>\n<p>Att ha \/ f\u00e5 m\u00f6jligheten att somna och vakna brevid sin&nbsp;hj\u00e4rtev\u00e4n.. Och varje dag f\u00e5 se leendet och h\u00f6ra skrattet som f\u00e5r ett&nbsp;hj\u00e4rta att sm\u00e4lta&#8230;.<\/p><\/div>\n<div>&nbsp;<\/div>\n<div>N\u00e4r inga ord beh\u00f6ver s\u00e4gas och f\u00f6rst\u00e5elsen \u00e4nd\u00e5 finns&#8230;.<\/div>\n<div>N\u00e4r tystnaden mellan m\u00e4nnsikor blir s\u00e5d\u00e4r sk\u00f6nt behaglig&#8230;<\/div>\n<div>N\u00e4r man kan g\u00f6ra ingenting och \u00e4nd\u00e5 ha roligt&#8230;.<\/div>\n<div>N\u00e4r t\u00e5rarna blir vackra som de vackraste \u00c4nglap\u00e4rlor&#8230;.<\/div>\n<div>&nbsp;<\/div>\n<div>D\u00e5 kan det inte vara annat \u00e4n: Ett liv med en \u00c4ngel&#8230;. =)<\/div>\n<div>&nbsp;<\/div>\n<div>Godnatt!<\/div>\n<div>&nbsp;<\/div>\n","protected":false},"excerpt":{"rendered":"<p>T\u00e4nkte bara kika in och ge alla bloggl\u00e4sande \u00c4nglar ett livstecken =) Midsommar kom och f\u00f6rfl\u00f6t p\u00e5 trevligt s\u00e4tt. Tr\u00f6tt av antibiotikan blir jag, annars \u00e4r allt v\u00e4l. Borde inte ta s\u00e5 l\u00e4nge innan den b\u00f6rjar hj\u00e4lpa nu. &nbsp; Nu &hellip; <a href=\"https:\/\/blog.skruttet.com\/?p=636\">Forts\u00e4tt l\u00e4sa <span class=\"meta-nav\">&rarr;<\/span><\/a><\/p>\n","protected":false},"author":1,"featured_media":0,"comment_status":"open","ping_status":"open","sticky":false,"template":"","format":"standard","meta":[],"categories":[10,16],"tags":[],"_links":{"self":[{"href":"https:\/\/blog.skruttet.com\/index.php?rest_route=\/wp\/v2\/posts\/636"}],"collection":[{"href":"https:\/\/blog.skruttet.com\/index.php?rest_route=\/wp\/v2\/posts"}],"about":[{"href":"https:\/\/blog.skruttet.com\/index.php?rest_route=\/wp\/v2\/types\/post"}],"author":[{"embeddable":true,"href":"https:\/\/blog.skruttet.com\/index.php?rest_route=\/wp\/v2\/users\/1"}],"replies":[{"embeddable":true,"href":"https:\/\/blog.skruttet.com\/index.php?rest_route=%2Fwp%2Fv2%2Fcomments&post=636"}],"version-history":[{"count":0,"href":"https:\/\/blog.skruttet.com\/index.php?rest_route=\/wp\/v2\/posts\/636\/revisions"}],"wp:attachment":[{"href":"https:\/\/blog.skruttet.com\/index.php?rest_route=%2Fwp%2Fv2%2Fmedia&parent=636"}],"wp:term":[{"taxonomy":"category","embeddable":true,"href":"https:\/\/blog.skruttet.com\/index.php?rest_route=%2Fwp%2Fv2%2Fcategories&post=636"},{"taxonomy":"post_tag","embeddable":true,"href":"https:\/\/blog.skruttet.com\/index.php?rest_route=%2Fwp%2Fv2%2Ftags&post=636"}],"curies":[{"name":"wp","href":"https:\/\/api.w.org\/{rel}","templated":true}]}}