{"id":643,"date":"2008-07-08T15:11:18","date_gmt":"2008-07-08T13:11:18","guid":{"rendered":"http:\/\/s"},"modified":"2008-07-08T15:11:18","modified_gmt":"2008-07-08T13:11:18","slug":"say-betydelsefull-ar-bloggen","status":"publish","type":"post","link":"https:\/\/blog.skruttet.com\/?p=643","title":{"rendered":"S\u00e5 betydelsefull \u00e4r bloggen"},"content":{"rendered":"<p><a title=\"bloggen.fi\/skruttet\" href=\"http:\/\/bilder.bloggen.fi\/skruttet\/20080708151311.jpg\" rel=\"lytebox\"><img src=\"http:\/\/bilder.bloggen.fi\/skruttet\/thumb_20080708151311.jpg\" border=\"0\"><\/a><\/p>\n<div>Jag vill skriva, jag vill skrika ut lyckan mitt hj\u00e4rta k\u00e4nner just nu! \u00c4r s\u00e5 oerh\u00f6rt glad \u00f6ver det liv jag har&#8230; =)<\/div>\n<div>&nbsp;<\/div>\n<div>V\u00e4gen hit har varit jobbig, tung och sv\u00e5r&#8230; H\u00e4r har jag skrikit ut ord av \u00e5ngest, maktl\u00f6shet och sorg&#8230;. Det tunga har h\u00e4r blivit till ord och bloggen har haft en otroligt stor betydelse n\u00e4r det g\u00e4llde&nbsp;ett livsavg\u00f6rande beslut, hanteringen och bearbetningen av f\u00f6rlusten som beslutet att l\u00e5ta totaloperera mig medf\u00f6rde&#8230;. H\u00e4r har jag blottat och h\u00e4ngt ut Endon och mitt liv med den<\/div>\n<div>&nbsp;<\/div>\n<div>Jag har flera g\u00e5nger trott att nu \u00e4r jag f\u00e4rdig med bearbetningen&#8230; &nbsp;<\/div>\n<div>Men blir man n\u00e5nsin f\u00e4rdig? <\/div>\n<div>Jag vet \u00ednte&#8230;. Accepterat det faktum att jag inte hade n\u00e5got annat&nbsp;val f\u00f6r att bli sm\u00e4rtfri&nbsp;har jag gjort&#8230;.. Jag har&nbsp;tagit mig igenom hormonbehandlingar och hormonsubstitut utproving och hittat en dos som verkar r\u00e4tt. Och fr\u00e5gar n\u00e5gon varifr\u00e5n \u00e4rren p\u00e5 magen kommer f\u00f6rbyts mitt annars glada ansikte till en stunds allvar och kort s\u00e4ger jag som det \u00e4r&#8230;.. Att jag tagit bort livmodern pga endometriossm\u00e4rta..<\/div>\n<div>&nbsp;<\/div>\n<div>Jag har l\u00e4rt mig bes\u00f6ka och l\u00e5ta mig v\u00e5rdas p\u00e5 sjukhuset utan r\u00e4dsla. Jag har l\u00e4rt mig&nbsp;se de som f\u00f6rr var skr\u00e4mmande m\u00e4nniskor i vita rockar som v\u00e5rdande \u00c4nglar med varmt hj\u00e4rta&#8230; Jag k\u00e4nner att de g\u00f6r sitt b\u00e4sta f\u00f6r att hj\u00e4lpa&#8230;.<\/div>\n<div>Jag har l\u00e4rt mig att det \u00e4r helt OK att st\u00e5 p\u00e5 sig och s\u00e4ga precis vad man anser \u00e4r r\u00e4tt och fel&#8230; Det \u00e4r ju mitt eget liv det handlar om!&#8230;.. Ingen ska f\u00e5 trampa p\u00e5 mig! <\/div>\n<div>&nbsp;<\/div>\n<div>Jag har genom min \u00c4nglablogg l\u00e4rt mig beskriva och s\u00e4tta ord p\u00e5 sm\u00e4rtan och d\u00e4rigenom funnit en v\u00e4g fr\u00e5n m\u00f6rker till ljus&#8230;.<\/div>\n<div>&nbsp;<\/div>\n<div>Detta \u00e4r mitt s\u00e4tt att hj\u00e4lpa l\u00e4kare och andra v\u00e5rdande \u00c4nglar f\u00f6r att de ska kunna ge b\u00e4sta t\u00e4nkbara v\u00e5rd och f\u00f6rst\u00e5 vilken oerh\u00f6rd stor betydelse det har att&nbsp;m\u00e4nniskor med &nbsp;kronisk sm\u00e4rta tas p\u00e5 allvar &#8211; redan i ett tidigt skede&#8230;<\/div>\n<div>&nbsp;<\/div>\n<div>Men det \u00e4r \u00e5x\u00e5 mitt s\u00e4tt att till dig som lever med kronisk sm\u00e4rta s\u00e4ga: <br \/>Det finns ljus i m\u00f6rkret&#8230;.. Kr\u00e4v att f\u00e5 den hj\u00e4lp som kr\u00e4vs f\u00f6r att f\u00e5 ett v\u00e4rdigt liv! Men f\u00f6r att \u00c4nglarna ska kunna hj\u00e4lpa dig s\u00e5 m\u00e5ste du hj\u00e4lpa \u00c4nglarna att hj\u00e4lpa dig&#8230;.<\/div>\n<div>&nbsp;<\/div>\n<div>F\u00f6r hj\u00e4lpa dig &#8211; det kan dom! =)<\/div>\n","protected":false},"excerpt":{"rendered":"<p>Jag vill skriva, jag vill skrika ut lyckan mitt hj\u00e4rta k\u00e4nner just nu! \u00c4r s\u00e5 oerh\u00f6rt glad \u00f6ver det liv jag har&#8230; =) &nbsp; V\u00e4gen hit har varit jobbig, tung och sv\u00e5r&#8230; H\u00e4r har jag skrikit ut ord av \u00e5ngest, &hellip; <a href=\"https:\/\/blog.skruttet.com\/?p=643\">Forts\u00e4tt l\u00e4sa <span class=\"meta-nav\">&rarr;<\/span><\/a><\/p>\n","protected":false},"author":1,"featured_media":0,"comment_status":"open","ping_status":"open","sticky":false,"template":"","format":"standard","meta":[],"categories":[10,11,14],"tags":[],"_links":{"self":[{"href":"https:\/\/blog.skruttet.com\/index.php?rest_route=\/wp\/v2\/posts\/643"}],"collection":[{"href":"https:\/\/blog.skruttet.com\/index.php?rest_route=\/wp\/v2\/posts"}],"about":[{"href":"https:\/\/blog.skruttet.com\/index.php?rest_route=\/wp\/v2\/types\/post"}],"author":[{"embeddable":true,"href":"https:\/\/blog.skruttet.com\/index.php?rest_route=\/wp\/v2\/users\/1"}],"replies":[{"embeddable":true,"href":"https:\/\/blog.skruttet.com\/index.php?rest_route=%2Fwp%2Fv2%2Fcomments&post=643"}],"version-history":[{"count":0,"href":"https:\/\/blog.skruttet.com\/index.php?rest_route=\/wp\/v2\/posts\/643\/revisions"}],"wp:attachment":[{"href":"https:\/\/blog.skruttet.com\/index.php?rest_route=%2Fwp%2Fv2%2Fmedia&parent=643"}],"wp:term":[{"taxonomy":"category","embeddable":true,"href":"https:\/\/blog.skruttet.com\/index.php?rest_route=%2Fwp%2Fv2%2Fcategories&post=643"},{"taxonomy":"post_tag","embeddable":true,"href":"https:\/\/blog.skruttet.com\/index.php?rest_route=%2Fwp%2Fv2%2Ftags&post=643"}],"curies":[{"name":"wp","href":"https:\/\/api.w.org\/{rel}","templated":true}]}}