{"id":644,"date":"2008-07-09T15:59:51","date_gmt":"2008-07-09T13:59:51","guid":{"rendered":"http:\/\/vikten-av-andra-m"},"modified":"2008-07-09T15:59:51","modified_gmt":"2008-07-09T13:59:51","slug":"vikten-av-andra-manniskor","status":"publish","type":"post","link":"https:\/\/blog.skruttet.com\/?p=644","title":{"rendered":"Vikten av andra m\u00e4nniskor&#8230;.."},"content":{"rendered":"<p><a title=\"bloggen.fi\/skruttet\" href=\"http:\/\/bilder.bloggen.fi\/skruttet\/20080709160243.jpg\" rel=\"lytebox\"><img src=\"http:\/\/bilder.bloggen.fi\/skruttet\/thumb_20080709160243.jpg\" border=\"0\"><\/a><\/p>\n<div>Jag satt och t\u00e4nkte p\u00e5 hur viktigt det \u00e4r att ha andra m\u00e4nnsikor runt sig. <br \/>Vikten av att inse betydelsen av att kunna och ha f\u00f6rm\u00e5gan att dela sm\u00e4rtan med n\u00e5gon&#8230;. Att diskutera, fundera och ventilera tankar och k\u00e4nslor, f\u00f6r att sedan komma fram till l\u00f6sningar&#8230; <\/div>\n<div>Jag tror att bara ett \u00f6penhj\u00e4rtligt samtal och k\u00e4nslan av att det tunga delas ger en enormt sm\u00e4rtlindrande effekt&#8230;. <\/div>\n<div>&nbsp;<\/div>\n<div>De m\u00e4nnsikor som lever i n\u00e4rheten (v\u00e4n, sambo, make\/maka osv) av m\u00e4nniskor med kronisk sm\u00e4rta gl\u00f6ms ofta bort&#8230;. <\/div>\n<div>Det \u00e4r sorgligt tycker jag! <\/div>\n<div>&nbsp;<\/div>\n<div>F\u00f6r dessa m\u00e4nnsikor har en oerh\u00f6rd betydelse&#8230;.F\u00f6r ensam klarar man sig inte! De avlastar sjukv\u00e5rden enormt, de f\u00e5r m\u00e5nga g\u00e5nger ta emot tr\u00f6tthetens ilska n\u00e4r inget hj\u00e4lper, k\u00e4nslan av maktl\u00f6shet n\u00e4r sm\u00e4rtan t\u00e4r p\u00e5 n\u00e5gon man h\u00e5ller av, ja listan kan g\u00f6ras l\u00e5ng. Men dessa m\u00e4nniskor har m\u00e5nga g\u00e5nger en tung tillvaro.<\/div>\n<div>&nbsp;<\/div>\n<div>Speciellt till dig som lever i n\u00e4rheten av n\u00e5gon med kronisk sm\u00e4rta vill jag s\u00e4ga:<\/div>\n<div>Din insatts \u00e4r storartad och viktig! Du \u00e4r mycket betydelsefull!<br \/>Du \u00e4r GULD v\u00e4rd!&nbsp;<\/div>\n<div>&nbsp;<\/div>\n<div>(Oj, vad dessa ord k\u00e4ndes futtiga, men dom \u00e4r i allafall sagda rakt&nbsp;fr\u00e5n&nbsp;hj\u00e4rtat!)<\/div>\n","protected":false},"excerpt":{"rendered":"<p>Jag satt och t\u00e4nkte p\u00e5 hur viktigt det \u00e4r att ha andra m\u00e4nnsikor runt sig. Vikten av att inse betydelsen av att kunna och ha f\u00f6rm\u00e5gan att dela sm\u00e4rtan med n\u00e5gon&#8230;. Att diskutera, fundera och ventilera tankar och k\u00e4nslor, f\u00f6r &hellip; <a href=\"https:\/\/blog.skruttet.com\/?p=644\">Forts\u00e4tt l\u00e4sa <span class=\"meta-nav\">&rarr;<\/span><\/a><\/p>\n","protected":false},"author":1,"featured_media":0,"comment_status":"open","ping_status":"open","sticky":false,"template":"","format":"standard","meta":[],"categories":[10,14],"tags":[],"_links":{"self":[{"href":"https:\/\/blog.skruttet.com\/index.php?rest_route=\/wp\/v2\/posts\/644"}],"collection":[{"href":"https:\/\/blog.skruttet.com\/index.php?rest_route=\/wp\/v2\/posts"}],"about":[{"href":"https:\/\/blog.skruttet.com\/index.php?rest_route=\/wp\/v2\/types\/post"}],"author":[{"embeddable":true,"href":"https:\/\/blog.skruttet.com\/index.php?rest_route=\/wp\/v2\/users\/1"}],"replies":[{"embeddable":true,"href":"https:\/\/blog.skruttet.com\/index.php?rest_route=%2Fwp%2Fv2%2Fcomments&post=644"}],"version-history":[{"count":0,"href":"https:\/\/blog.skruttet.com\/index.php?rest_route=\/wp\/v2\/posts\/644\/revisions"}],"wp:attachment":[{"href":"https:\/\/blog.skruttet.com\/index.php?rest_route=%2Fwp%2Fv2%2Fmedia&parent=644"}],"wp:term":[{"taxonomy":"category","embeddable":true,"href":"https:\/\/blog.skruttet.com\/index.php?rest_route=%2Fwp%2Fv2%2Fcategories&post=644"},{"taxonomy":"post_tag","embeddable":true,"href":"https:\/\/blog.skruttet.com\/index.php?rest_route=%2Fwp%2Fv2%2Ftags&post=644"}],"curies":[{"name":"wp","href":"https:\/\/api.w.org\/{rel}","templated":true}]}}