{"id":647,"date":"2008-07-15T22:23:59","date_gmt":"2008-07-15T20:23:59","guid":{"rendered":"http:\/\/ett-l"},"modified":"2008-07-15T22:23:59","modified_gmt":"2008-07-15T20:23:59","slug":"ett-lafte-ar-givet","status":"publish","type":"post","link":"https:\/\/blog.skruttet.com\/?p=647","title":{"rendered":"Ett l\u00f6fte \u00e4r givet&#8230;."},"content":{"rendered":"<p><a title=\"bloggen.fi\/skruttet\" href=\"http:\/\/bilder.bloggen.fi\/skruttet\/20080715222358.jpg\" rel=\"lytebox\"><img src=\"http:\/\/bilder.bloggen.fi\/skruttet\/thumb_20080715222358.jpg\" border=\"0\"><\/a><\/p>\n<p class=\"MsoNormal\">Kikar in till \u00e4nglarna en stund. <\/p>\n<p class=\"MsoNormal\">&nbsp;<\/p>\n<p class=\"MsoNormal\">Under dagen blev jag \u00e5ter tvungen att upps\u00f6ka l\u00e4kare, pga sm\u00e4rtsam mage. De v\u00e5rdande \u00c4nglarna hade helst sett att jag hade blivit kvar. Men Skruttet sade nej!<\/p>\n<p class=\"MsoNormal\">&nbsp;<\/p>\n<p class=\"MsoNormal\">Anser att jag k\u00e4nner min kropp och hur den reagerar p\u00e5 sm\u00e4rta mycket v\u00e4l. Jag har under \u00e5ren f\u00e5tt kunskap och k\u00e4nnedom om att veta n\u00e4r gr\u00e4nsen \u00e4r n\u00e5dd och vet n\u00e4r det \u00e4r dags att ge med mig och fara och l\u00e4gga in mig p\u00e5 b\u00e4dden p\u00e5 sjukhuset, eller i de v\u00e5rdande \u00c4nglarnas hus, som jag nu v\u00e4ljer att kalla det &#8230;<\/p>\n<p class=\"MsoNormal\">&nbsp;<\/p>\n<p class=\"MsoNormal\">N\u00e4r den v\u00e5rdande \u00c4ngeln sa orden; Vi borde nog l\u00e4gga in dig\u2026. Kom klumpen i br\u00f6stet och t\u00e5rarna b\u00f6rjade rinna ner f\u00f6r kinderna. Inte pga r\u00e4dsla, inte pga av \u00e5ngest utan av tr\u00f6tthet\u2026. Jag ville inte vara d\u00e4r igen, jag orkade inte ligga d\u00e4r\u2026. K\u00e4nns som jag har f\u00e5tt nog\u2026. Det har varit s\u00e5 mycket sjukhus sa jag mellan t\u00e5rarna.<\/p>\n<p class=\"MsoNormal\">&nbsp;<\/p>\n<p class=\"MsoNormal\">Den v\u00e5rdande \u00c4ngeln lade f\u00f6rsiktigt sin hand p\u00e5 min och sade att hon f\u00f6rstod. Att hj\u00e4lp m\u00e5ste jag f\u00e5\u2026 S\u00e5 h\u00e4r l\u00e4mnas jag inte\u2026. Remitterad vidare till en, inom omr\u00e5det kunnig \u00c4ngel blir jag, men v\u00e4ntetiden \u00e4r ca 5 veckor. Den v\u00e5rdande \u00c4ngeln fr\u00e5gar om jag tror att jag klarar mig hemma nu. Jag nickar och vi ger ett l\u00f6fte om att dricka ordentligt samt att \u00e5terkomma om sm\u00e4rtan eller sv\u00e5righeterna med mat och dryck blir f\u00f6r stora.<\/p>\n<p class=\"MsoNormal\">&nbsp;<\/p>\n<p class=\"MsoNormal\">Min \u00e4lskade &lt;3 \u2013 \u00c4ngel tog som s\u00e5 m\u00e5nga g\u00e5nger f\u00f6rr mitt r\u00f6dgr\u00e5tna ansikte i sina h\u00e4nder och sa; Jag finns med dig h\u00e4r, jag g\u00e5r ingenstans!<\/p>\n<p class=\"MsoNormal\">\u00c4n en g\u00e5ng str\u00f6mmade t\u00e5rarna ner f\u00f6r mina kinder och v\u00e4tte ner \u00c4ngelns famn\u2026.. Och \u00e4n en g\u00e5ng k\u00e4nde jag den otroliga v\u00e4rmen och villkorsl\u00f6sa k\u00e4rleken fr\u00e5n hans hj\u00e4rta\u2026. <\/p>\n<p class=\"MsoNormal\">&nbsp;<\/p>\n<p class=\"MsoNormal\">Han \u00e4r d\u00e4r dag som natt, han vakar med mig, han delar l\u00e4ttnaden med mig n\u00e4r det onda sl\u00e4pper, han delar gl\u00e4djen med mig och vi tar vara p\u00e5 de dagar jag m\u00e5r bra\u2026..<\/p>\n<p class=\"MsoNormal\">Jag finner inga ord\u2026.<\/p>\n<p class=\"MsoNormal\">&nbsp;<\/p>\n<div><span>Men en sak vet jag s\u00e4kert \u2013 Jag skulle g\u00f6ra detsamma f\u00f6r honom! <\/span><\/div>\n<div>&nbsp;<\/div>\n<div align=\"center\"><a title=\"Angel - Sarah McLachlan\" href=\"http:\/\/www.youtube.com\/watch?v=ho3xjWVPT0M&amp;feature=related\">Angel &#8211; Sarah McLachlan<\/a><\/div>\n","protected":false},"excerpt":{"rendered":"<p>Kikar in till \u00e4nglarna en stund. &nbsp; Under dagen blev jag \u00e5ter tvungen att upps\u00f6ka l\u00e4kare, pga sm\u00e4rtsam mage. De v\u00e5rdande \u00c4nglarna hade helst sett att jag hade blivit kvar. Men Skruttet sade nej! &nbsp; Anser att jag k\u00e4nner min &hellip; <a href=\"https:\/\/blog.skruttet.com\/?p=647\">Forts\u00e4tt l\u00e4sa <span class=\"meta-nav\">&rarr;<\/span><\/a><\/p>\n","protected":false},"author":1,"featured_media":0,"comment_status":"open","ping_status":"open","sticky":false,"template":"","format":"standard","meta":[],"categories":[14],"tags":[],"_links":{"self":[{"href":"https:\/\/blog.skruttet.com\/index.php?rest_route=\/wp\/v2\/posts\/647"}],"collection":[{"href":"https:\/\/blog.skruttet.com\/index.php?rest_route=\/wp\/v2\/posts"}],"about":[{"href":"https:\/\/blog.skruttet.com\/index.php?rest_route=\/wp\/v2\/types\/post"}],"author":[{"embeddable":true,"href":"https:\/\/blog.skruttet.com\/index.php?rest_route=\/wp\/v2\/users\/1"}],"replies":[{"embeddable":true,"href":"https:\/\/blog.skruttet.com\/index.php?rest_route=%2Fwp%2Fv2%2Fcomments&post=647"}],"version-history":[{"count":0,"href":"https:\/\/blog.skruttet.com\/index.php?rest_route=\/wp\/v2\/posts\/647\/revisions"}],"wp:attachment":[{"href":"https:\/\/blog.skruttet.com\/index.php?rest_route=%2Fwp%2Fv2%2Fmedia&parent=647"}],"wp:term":[{"taxonomy":"category","embeddable":true,"href":"https:\/\/blog.skruttet.com\/index.php?rest_route=%2Fwp%2Fv2%2Fcategories&post=647"},{"taxonomy":"post_tag","embeddable":true,"href":"https:\/\/blog.skruttet.com\/index.php?rest_route=%2Fwp%2Fv2%2Ftags&post=647"}],"curies":[{"name":"wp","href":"https:\/\/api.w.org\/{rel}","templated":true}]}}