{"id":663,"date":"2008-08-22T12:27:30","date_gmt":"2008-08-22T10:27:30","guid":{"rendered":"http:\/\/k"},"modified":"2008-08-22T12:27:30","modified_gmt":"2008-08-22T10:27:30","slug":"karleken-farde-oss-samman","status":"publish","type":"post","link":"https:\/\/blog.skruttet.com\/?p=663","title":{"rendered":"K\u00e4rleken f\u00f6rde oss samman"},"content":{"rendered":"<p><a title=\"bloggen.fi\/skruttet\" href=\"http:\/\/bilder.bloggen.fi\/skruttet\/20080822122737.jpg\" rel=\"lytebox\"><img src=\"http:\/\/bilder.bloggen.fi\/skruttet\/thumb_20080822122737.jpg\" border=\"0\"><\/a><\/p>\n<p class=\"MsoNormal\">\u00c4ntligen!!!<br \/>Ja, \u00e4ntligen \u00e5ter hemma i v\u00e5rt aldeles egna \u00c4nglapalats =) S\u00e5 sk\u00f6nt att vara hemma!! I kv\u00e4ll blir det \u00c4nglafest h\u00e4r, med \u00c4nglar, f\u00f6r \u00c4nglar, av \u00c4nglar =)&nbsp;<\/p>\n<p class=\"MsoNormal\">&nbsp;<\/p>\n<p class=\"MsoNormal\">I dag firas en aning f\u00f6rsenat, <\/p>\n<p class=\"MsoNormal\">att k\u00e4rleken tv\u00e5 \u00c4nglar&nbsp;har f\u00f6renat.<\/p>\n<p class=\"MsoNormal\">&nbsp;<\/p>\n<div class=\"MsoNormal\">Jag spelar denna l\u00e5t, med mycket varmt hj\u00e4rta!! =)<\/div>\n<div>&nbsp;<\/div>\n<div><a title=\"Ulf Lundell - K\u00e4rleken f\u00f6rde oss samman\" href=\"http:\/\/www.youtube.com\/watch?v=ON2JpP_4SeY\" target=\"_blank\">Ulf Lundell &#8211; K\u00e4rleken f\u00f6rde oss samman<\/a><\/div>\n<div>&nbsp;<\/div>\n<div>Puss och miljoner \u00c4nglakramar till &lt;3- \u00c4ngeln, f\u00f6r att du finns, f\u00f6r att vi tillsammans vandrar fr\u00e5n m\u00f6rker till ljus, f\u00f6r att du lyfter mig n\u00e4r tillvaron \u00e4r tung och f\u00f6r att du \u00c4lskar mig precis som jag \u00e4r!! =)<\/div>\n","protected":false},"excerpt":{"rendered":"<p>\u00c4ntligen!!!Ja, \u00e4ntligen \u00e5ter hemma i v\u00e5rt aldeles egna \u00c4nglapalats =) S\u00e5 sk\u00f6nt att vara hemma!! I kv\u00e4ll blir det \u00c4nglafest h\u00e4r, med \u00c4nglar, f\u00f6r \u00c4nglar, av \u00c4nglar =)&nbsp; &nbsp; I dag firas en aning f\u00f6rsenat, att k\u00e4rleken tv\u00e5 \u00c4nglar&nbsp;har f\u00f6renat. &hellip; <a href=\"https:\/\/blog.skruttet.com\/?p=663\">Forts\u00e4tt l\u00e4sa <span class=\"meta-nav\">&rarr;<\/span><\/a><\/p>\n","protected":false},"author":1,"featured_media":0,"comment_status":"open","ping_status":"open","sticky":false,"template":"","format":"standard","meta":[],"categories":[8,9,10,16],"tags":[],"_links":{"self":[{"href":"https:\/\/blog.skruttet.com\/index.php?rest_route=\/wp\/v2\/posts\/663"}],"collection":[{"href":"https:\/\/blog.skruttet.com\/index.php?rest_route=\/wp\/v2\/posts"}],"about":[{"href":"https:\/\/blog.skruttet.com\/index.php?rest_route=\/wp\/v2\/types\/post"}],"author":[{"embeddable":true,"href":"https:\/\/blog.skruttet.com\/index.php?rest_route=\/wp\/v2\/users\/1"}],"replies":[{"embeddable":true,"href":"https:\/\/blog.skruttet.com\/index.php?rest_route=%2Fwp%2Fv2%2Fcomments&post=663"}],"version-history":[{"count":0,"href":"https:\/\/blog.skruttet.com\/index.php?rest_route=\/wp\/v2\/posts\/663\/revisions"}],"wp:attachment":[{"href":"https:\/\/blog.skruttet.com\/index.php?rest_route=%2Fwp%2Fv2%2Fmedia&parent=663"}],"wp:term":[{"taxonomy":"category","embeddable":true,"href":"https:\/\/blog.skruttet.com\/index.php?rest_route=%2Fwp%2Fv2%2Fcategories&post=663"},{"taxonomy":"post_tag","embeddable":true,"href":"https:\/\/blog.skruttet.com\/index.php?rest_route=%2Fwp%2Fv2%2Ftags&post=663"}],"curies":[{"name":"wp","href":"https:\/\/api.w.org\/{rel}","templated":true}]}}