{"id":666,"date":"2008-08-24T14:24:27","date_gmt":"2008-08-24T12:24:27","guid":{"rendered":"http:\/\/tankar-fr"},"modified":"2008-08-24T14:24:27","modified_gmt":"2008-08-24T12:24:27","slug":"tankar-frayn-ingemansland","status":"publish","type":"post","link":"https:\/\/blog.skruttet.com\/?p=666","title":{"rendered":"Tankar fr\u00e5n ingemansland&#8230;."},"content":{"rendered":"<p><a href='http:\/\/bilder.bloggen.fi\/skruttet\/20080824142407.jpg' rel='lytebox' title='bloggen.fi\/skruttet'><img src='http:\/\/bilder.bloggen.fi\/skruttet\/thumb_20080824142407.jpg' border='0' style='float:right;padding:2px;margin:2px'><\/a><\/p>\n<p class=\"MsoNormal\">L\u00e4gger fingrarna p\u00e5 tangentbordet och l\u00e5ter orden bara komma. <\/p>\n<p class=\"MsoNormal\">Suckar l\u00e4tt och konstaterar, i dag \u00e4r en mindre bra dag\u2026. Det \u00e4r v\u00e4ldigt l\u00e4nge sedan det sist k\u00e4ndes s\u00e5 h\u00e4r\u2026 Har inte lust med n\u00e5got, det k\u00e4nns som om t\u00e5rarna skulle komma n\u00e4r som helst\u2026 Tankeverksamheten g\u00e5r p\u00e5 h\u00f6gvarv\u2026.<\/p>\n<p class=\"MsoNormal\">&nbsp;<\/p>\n<p class=\"MsoNormal\">Jag t\u00e4nker efter vad skulle jag helst av allt vilja g\u00f6ra NU? Att sova bort hela dagen skulle vara s\u00e5\u00e5\u00e5 sk\u00f6nt, att vakna i morgon till en b\u00e4ttre dag\u2026..<\/p>\n<p class=\"MsoNormal\">N\u00e4r jag skrivit dessa ord kommer jag p\u00e5 mig sj\u00e4lv\u2026. Jag har blivit medveten om hur jag ska t\u00e4nka f\u00f6r att h\u00e5lla mig st\u00e5eende, f\u00f6r att inte ramla!!<\/p>\n<p class=\"MsoNormal\">&nbsp;<\/p>\n<p class=\"MsoNormal\">Att sova bort dagen \u00e4r sk\u00f6nt, men det g\u00f6r det hela v\u00e4rre\u2026. B\u00e4ttre att, som jag g\u00f6r nu s\u00e4tta mig ner och skriva ett par rader, sl\u00e4ppa ut lite ogr\u00e5tna t\u00e5rar och s\u00e4tta en \u201dmax tid\u201d f\u00f6r hur l\u00e4nge de djupa tankarna f\u00e5r uppeh\u00e5lla mig. <\/p>\n<p class=\"MsoNormal\">L\u00e4gga enegin p\u00e5 att fokusera p\u00e5 att vistas i nuet!! Att inte l\u00e5ta m\u00f6rkret och dysterheten h\u00e4rska, det \u00e4r viktigt!!<\/p>\n<p class=\"MsoNormal\">&nbsp;<\/p>\n<p class=\"MsoNormal\">Jag har den senaste tiden upplevt mitt hum\u00f6r som stabilt. Vi har rest, magen har varit r\u00e4tt sn\u00e4ll trots att den f\u00e5tt annan kost \u00e4n vad den \u00e4r van vid. Jag har en inplanerad tid f\u00f6r kontroll av magen\u2026 Svar p\u00e5 prover som togs kommer att f\u00e5s, dom tar mig \/ oss p\u00e5 allvar och dom inser betydelsen av &lt;3- \u00c4ngels n\u00e4rvaro\u2026. SK\u00d6NT!!<\/p>\n<p class=\"MsoNormal\">&nbsp;<\/p>\n<p class=\"MsoNormal\">Vi \u00e4r dessutom nyf\u00f6rlovade!! =) Jag har allt vad jag beh\u00f6ver (och lite till), Tak \u00f6ver huvudet, mat p\u00e5 bordet och en s\u00e4ng att sova i!<\/p>\n<p class=\"MsoNormal\">&nbsp;<\/p>\n<p class=\"MsoNormal\">Men ibland kommer \u00e4nd\u00e5 dagar s\u00e5 som denh\u00e4r, n\u00e4r tillvaron k\u00e4nns tyngre, n\u00e4r jag t\u00e4nker tillbaka p\u00e5 tiden med Endon, n\u00e4r det k\u00e4nns som om hj\u00e4rtat skulle g\u00e5 s\u00f6nder av l\u00e4ngtan, l\u00e4ngtan efter ett barn, n\u00e4r r\u00e4dslan \u00f6ver att st\u00e4ndigt f\u00e5 leva med br\u00e5kande mage existerar\u2026.<\/p>\n<p class=\"MsoNormal\">&nbsp;<\/p>\n<p class=\"MsoNormal\">Jag dr\u00f6mmer, l\u00e4ngtar och tror p\u00e5 att en dag\u2026. En dag har vi helt och h\u00e5llet kontroll \u00f6ver sm\u00e4rtresterna fr\u00e5n Endon, en dag har vi, med de v\u00e5rdande \u00c4nglarnas hj\u00e4lp funnit en fungerande diet f\u00f6r min kroniskt tidvis br\u00e5kande mage\u2026. En dag har vi adoperat en liten son eller dotter\u2026.<\/p>\n<p class=\"MsoNormal\">&nbsp;<\/p>\n<p class=\"MsoNormal\">En dag\u2026.. <\/p>\n<p class=\"MsoNormal\">&nbsp;<\/p>\n<p class=\"MsoNormal\">\u00c4nglakramar!!!<\/p>\n","protected":false},"excerpt":{"rendered":"<p>L\u00e4gger fingrarna p\u00e5 tangentbordet och l\u00e5ter orden bara komma. Suckar l\u00e4tt och konstaterar, i dag \u00e4r en mindre bra dag\u2026. Det \u00e4r v\u00e4ldigt l\u00e4nge sedan det sist k\u00e4ndes s\u00e5 h\u00e4r\u2026 Har inte lust med n\u00e5got, det k\u00e4nns som om t\u00e5rarna &hellip; <a href=\"https:\/\/blog.skruttet.com\/?p=666\">Forts\u00e4tt l\u00e4sa <span class=\"meta-nav\">&rarr;<\/span><\/a><\/p>\n","protected":false},"author":1,"featured_media":0,"comment_status":"open","ping_status":"open","sticky":false,"template":"","format":"standard","meta":[],"categories":[3,10,14],"tags":[],"_links":{"self":[{"href":"https:\/\/blog.skruttet.com\/index.php?rest_route=\/wp\/v2\/posts\/666"}],"collection":[{"href":"https:\/\/blog.skruttet.com\/index.php?rest_route=\/wp\/v2\/posts"}],"about":[{"href":"https:\/\/blog.skruttet.com\/index.php?rest_route=\/wp\/v2\/types\/post"}],"author":[{"embeddable":true,"href":"https:\/\/blog.skruttet.com\/index.php?rest_route=\/wp\/v2\/users\/1"}],"replies":[{"embeddable":true,"href":"https:\/\/blog.skruttet.com\/index.php?rest_route=%2Fwp%2Fv2%2Fcomments&post=666"}],"version-history":[{"count":0,"href":"https:\/\/blog.skruttet.com\/index.php?rest_route=\/wp\/v2\/posts\/666\/revisions"}],"wp:attachment":[{"href":"https:\/\/blog.skruttet.com\/index.php?rest_route=%2Fwp%2Fv2%2Fmedia&parent=666"}],"wp:term":[{"taxonomy":"category","embeddable":true,"href":"https:\/\/blog.skruttet.com\/index.php?rest_route=%2Fwp%2Fv2%2Fcategories&post=666"},{"taxonomy":"post_tag","embeddable":true,"href":"https:\/\/blog.skruttet.com\/index.php?rest_route=%2Fwp%2Fv2%2Ftags&post=666"}],"curies":[{"name":"wp","href":"https:\/\/api.w.org\/{rel}","templated":true}]}}