{"id":674,"date":"2008-09-05T00:02:29","date_gmt":"2008-09-04T22:02:29","guid":{"rendered":"http:\/\/tankar-en-sen-kv"},"modified":"2008-09-05T00:02:29","modified_gmt":"2008-09-04T22:02:29","slug":"tankar-en-sen-kvall","status":"publish","type":"post","link":"https:\/\/blog.skruttet.com\/?p=674","title":{"rendered":"Tankar en sen kv\u00e4ll"},"content":{"rendered":"<p><a title=\"bloggen.fi\/skruttet\" href=\"http:\/\/bilder.bloggen.fi\/skruttet\/20080905000227.jpg\" rel=\"lytebox\"><img src=\"http:\/\/bilder.bloggen.fi\/skruttet\/thumb_20080905000227.jpg\" border=\"0\"><\/a><\/p>\n<p class=\"MsoNormal\">Nu har det g\u00e5tt lite mer \u00e4n en vecka sedan hormonbehandlingen \u00e4ndrades och s\u00e5v\u00e4l sort som styrka byttes. F\u00f6r tidigt \u00e4r det att s\u00e4ga om det \u00e4r r\u00e4tt eller fel, men det m\u00e4rks att n\u00e5got i kroppen h\u00e5ller p\u00e5 att \u00e4ndras\u2026 Jag \u00e4r ofta tr\u00f6tt, f\u00e5r en blixtrande huvudv\u00e4rk som kommer och g\u00e5r \u00f6ver lika fort som den kom, hum\u00f6ret \u00e4r inte alltid det b\u00e4sta och \u00e4ven om man behandlas med hormoner och jo, hormoner p\u00e5verkar m\u00e5nga g\u00e5nger hum\u00f6ret (vet ni som varit gavida etc) s\u00e5 \u00e4r ju hormonerna ingen urs\u00e4kt att bete sig hur som helst mot sin omgivning.<\/p>\n<p class=\"MsoNormal\">&nbsp;<\/p>\n<p class=\"MsoNormal\">Jag f\u00f6rs\u00f6ker verkligen leva efter den gyllne regeln;<\/p>\n<p class=\"MsoNormal\">\u201dBehandla andra som du vill bli behandlad sj\u00e4lv\u201d, f\u00f6rs\u00f6ker att inte explodera och b\u00f6rja grina f\u00f6r varje liten skitsak som (sagt med lite ironi) under en hormonbehandling l\u00e4tt f\u00f6rstoras upp och blir gigantisk och hela v\u00e4rlden \u00e4r redo f\u00f6r underg\u00e5ng. <\/p>\n<p class=\"MsoNormal\">&nbsp;<\/p>\n<p class=\"MsoNormal\">Men lika viktigt som det \u00e4r att jag \u201dbeter mig\u201d v\u00e4l mot andra, \u00e4r att jag har en plats, en fristad d\u00e4r jag inte beh\u00f6ver s\u00e4tta lika mycket energi p\u00e5 att f\u00f6rs\u00f6ka vara glad osv. fast jag inte \u00e4r det.<\/p>\n<p class=\"MsoNormal\">Min fristad \u00e4r mitt och &lt;3-\u00c4ngelns hem, v\u00e5rt \u00e4lskade \u00c4nglapalats!<\/p>\n<p class=\"MsoNormal\">&nbsp;<\/p>\n<p class=\"MsoNormal\">D\u00e4r gr\u00e5ter jag n\u00e4r kropp och huvud s\u00e4ger ifr\u00e5n.<\/p>\n<p class=\"MsoNormal\">D\u00e4r skrattar jag n\u00e4r ljuset \u00e5ter syns bakom molnen.<\/p>\n<p class=\"MsoNormal\">D\u00e4r funderar jag tillsammans med &lt;3-\u00c4ngeln kring alternativa l\u00f6sningar och r\u00e5dfr\u00e5gar sedan De v\u00e5rdande \u00e4nglarna.<\/p>\n<p class=\"MsoNormal\">&nbsp;<\/p>\n<p class=\"MsoNormal\">Jag kommer ibland p\u00e5 mig sj\u00e4lv att jag st\u00e4ller ganska h\u00f6ga krav p\u00e5 mig sj\u00e4lv; jag ska vara glad, jag ska orka med diverse saker, jag ska vara stark och ta mig igenom behandlingar och dyl. Men jag beh\u00f6ver inte orka vara glad\u2026.<\/p>\n<p class=\"MsoNormal\">Mycket har jag l\u00e4rt mig under tiden med sm\u00e4rta; <\/p>\n<p class=\"MsoNormal\">Bland annat att det ligger en oerh\u00f6rd styrka i att kunna vara svag och i att kunna gr\u00e5ta!! <\/p>\n<p class=\"MsoNormal\">&nbsp;<\/p>\n<p class=\"MsoNormal\">Jag \u00e4r inte helt fri ifr\u00e5n sm\u00e4rtan, men jag har l\u00e4rt mig leva med den\u2026<\/p>\n<div class=\"MsoNormal\">Och jag fullkommligt \u00e4lskar att sl\u00e5 upp \u00f6gonen p\u00e5 morgonen och f\u00f6r det mesta kunna t\u00e4nka och ibland s\u00e4ga; <br \/>\u00c5h, vad sk\u00f6nt, i dag m\u00e5r jag bra, i dag har jag inte ont!! =)<\/div>\n","protected":false},"excerpt":{"rendered":"<p>Nu har det g\u00e5tt lite mer \u00e4n en vecka sedan hormonbehandlingen \u00e4ndrades och s\u00e5v\u00e4l sort som styrka byttes. F\u00f6r tidigt \u00e4r det att s\u00e4ga om det \u00e4r r\u00e4tt eller fel, men det m\u00e4rks att n\u00e5got i kroppen h\u00e5ller p\u00e5 att &hellip; <a href=\"https:\/\/blog.skruttet.com\/?p=674\">Forts\u00e4tt l\u00e4sa <span class=\"meta-nav\">&rarr;<\/span><\/a><\/p>\n","protected":false},"author":1,"featured_media":0,"comment_status":"open","ping_status":"open","sticky":false,"template":"","format":"standard","meta":[],"categories":[11,14],"tags":[],"_links":{"self":[{"href":"https:\/\/blog.skruttet.com\/index.php?rest_route=\/wp\/v2\/posts\/674"}],"collection":[{"href":"https:\/\/blog.skruttet.com\/index.php?rest_route=\/wp\/v2\/posts"}],"about":[{"href":"https:\/\/blog.skruttet.com\/index.php?rest_route=\/wp\/v2\/types\/post"}],"author":[{"embeddable":true,"href":"https:\/\/blog.skruttet.com\/index.php?rest_route=\/wp\/v2\/users\/1"}],"replies":[{"embeddable":true,"href":"https:\/\/blog.skruttet.com\/index.php?rest_route=%2Fwp%2Fv2%2Fcomments&post=674"}],"version-history":[{"count":0,"href":"https:\/\/blog.skruttet.com\/index.php?rest_route=\/wp\/v2\/posts\/674\/revisions"}],"wp:attachment":[{"href":"https:\/\/blog.skruttet.com\/index.php?rest_route=%2Fwp%2Fv2%2Fmedia&parent=674"}],"wp:term":[{"taxonomy":"category","embeddable":true,"href":"https:\/\/blog.skruttet.com\/index.php?rest_route=%2Fwp%2Fv2%2Fcategories&post=674"},{"taxonomy":"post_tag","embeddable":true,"href":"https:\/\/blog.skruttet.com\/index.php?rest_route=%2Fwp%2Fv2%2Ftags&post=674"}],"curies":[{"name":"wp","href":"https:\/\/api.w.org\/{rel}","templated":true}]}}