{"id":677,"date":"2008-09-07T19:51:48","date_gmt":"2008-09-07T17:51:48","guid":{"rendered":"http:\/\/mera-tankar"},"modified":"2008-09-07T19:51:48","modified_gmt":"2008-09-07T17:51:48","slug":"mera-tankar","status":"publish","type":"post","link":"https:\/\/blog.skruttet.com\/?p=677","title":{"rendered":"Mera tankar&#8230;"},"content":{"rendered":"<p><a title=\"bloggen.fi\/skruttet\" href=\"http:\/\/bilder.bloggen.fi\/skruttet\/20080907195623.jpg\" rel=\"lytebox\"><img src=\"http:\/\/bilder.bloggen.fi\/skruttet\/thumb_20080907195623.jpg\" border=\"0\"><\/a><\/p>\n<p class=\"MsoNormal\">Jag t\u00e4nker mycket nu&#8230;. <br \/>\u00c4r glad och uppskattar det jag har s\u00e5 otroligt mycket!! I bland tappar jag fotf\u00e4stet och sv\u00e4var ut i sm\u00e4rtans m\u00f6rker en stund f\u00f6r att allt ifr\u00e5n n\u00e5gra timmar till ett dygn komma tillbaka till sm\u00e4rtfriheten i \u00c4nglarnas rike, \u00e5ter med f\u00f6tterna p\u00e5 fast mark.<\/p>\n<p class=\"MsoNormal\">&nbsp;<\/p>\n<p class=\"MsoNormal\">Men n\u00e4r jag sv\u00e4var i sm\u00e4rtans m\u00f6rker, d\u00e4r draken regerar s\u00e5 k\u00e4nner jag mig s\u00e5\u00e5 liten, s\u00e5\u00e5 ensam, s\u00e5\u00e5 svag&#8230;&nbsp; Men dessa stunder finner jag trygghet i vetskapen om att \u00c4ngelns famn&nbsp;+ min \u00e4lskade \u00c4nglafamilj tvekl\u00f6st finns d\u00e4r och s\u00e5 \u00e4ven \u00c4nglateamet och min \u00c4nglablogg.<\/p>\n<p class=\"MsoNormal\">&nbsp;<\/p>\n<p class=\"MsoNormal\">Och n\u00e4r sm\u00e4rtan g\u00f6r sig p\u00e5mind f\u00f6rs\u00f6ker jag, som jag tidigare har skrivit, att leva i nuet, att fokusera p\u00e5 roligare saker,&nbsp;men samtidigt ocks\u00e5 ta det f\u00f6r vad det \u00e4r. Beh\u00f6ver jag vila s\u00e5 vilar jag&#8230;. Vilket kan betyda att jag periodvis (\u00e4nnu i dagsl\u00e4get) inte orkar g\u00f6ra s\u00e5 j\u00e4tte mycket&#8230; Det kan jag ha sv\u00e5rt att acceptera!! Blir s\u00e5 arg p\u00e5 mig sj\u00e4lv d\u00e5 jag s\u00e5\u00e5 g\u00e4rna vill men inte orkar!!<\/p>\n<p class=\"MsoNormal\">&nbsp;<\/p>\n<p class=\"MsoNormal\">Jag f\u00f6rs\u00f6ker att inte samtala s\u00e5 mycket om sm\u00e4rtan med folk i min omgivning, fr\u00e5gar n\u00e5gon och jag VET att dom verkligen bryr sig d\u00e5 f\u00e5r dom ett svar, annars s\u00e4ger jag inte. <\/p>\n<p class=\"MsoNormal\">F\u00f6r jag&nbsp;varken orkar eller vill och jag tror inte att andra heller vill h\u00f6ra om mitt onda under varje samtal. Jag g\u00e5r p\u00e5 regelbunden terapi till \u00c4ngeln med nyckeln till mitt huvud, jag har min \u00c4nglablogg samt ett f\u00e5tal \u00c4nglar som vet hur jag m\u00e5r. Bra s\u00e5!<\/p>\n<p class=\"MsoNormal\">&nbsp;<\/p>\n<p class=\"MsoNormal\">Helt sm\u00e4rtfri \u00e4r jag inte, men mycket b\u00e4ttre \u00e4r det (PUNKT) <\/p>\n<p class=\"MsoNormal\">(\u00c4r den korta versionen jag brukar anv\u00e4nda)<\/p>\n<p class=\"MsoNormal\">&nbsp;<\/p>\n<p class=\"MsoNormal\">Sl\u00e4nger ett \u00f6ga p\u00e5 almanackan som h\u00e4nger p\u00e5 v\u00e4ggen och konstaterar att p\u00e5 tisdag \u00e4r det dags f\u00f6r l\u00e4karbes\u00f6k f\u00f6r kontroll av magen igen. Ska faktisk bli sk\u00f6nt att diskutera och f\u00e5 svar p\u00e5 proverna som togs senast!<\/p>\n<p class=\"MsoNormal\">&nbsp;<\/p>\n<p class=\"MsoNormal\">N\u00e4r man sv\u00e4var i sm\u00e4rtans m\u00f6rker, k\u00e4nner man sig maktl\u00f6s, liten och tappar kanske m\u00e5nga g\u00e5nger tilltron till sig sj\u00e4lv. Jag fann en l\u00e5t som jag tror att \u00e4r bra att lyssna p\u00e5 n\u00e4r livet k\u00e4nns lite tuft\u2026<\/p>\n<p class=\"MsoNormal\">&nbsp;<\/p>\n<div class=\"MsoNormal\" align=\"center\"><a title=\"I Believe in You - Il Divo feat. Celine dion\" href=\"http:\/\/www.youtube.com\/watch?v=uzQVBuxuVc4&amp;feature=related\" target=\"_blank\">I Believe in You &#8211; Il Divo feat. Celine dion<\/a><\/div>\n<div class=\"MsoNormal\" align=\"left\">&nbsp;<\/div>\n<div class=\"MsoNormal\" align=\"left\">Och till dig som lever med (endo)sm\u00e4rta eller annars har det tuft s\u00e4ger jag; H\u00e5ll ut, du \u00e4r inte ensam!! Det kommer en ljusare dag!!<\/div>\n<p class=\"MsoNormal\">&nbsp;<\/p>\n<p class=\"MsoNormal\">\u00c4nglakramar!!<\/p>\n","protected":false},"excerpt":{"rendered":"<p>Jag t\u00e4nker mycket nu&#8230;. \u00c4r glad och uppskattar det jag har s\u00e5 otroligt mycket!! I bland tappar jag fotf\u00e4stet och sv\u00e4var ut i sm\u00e4rtans m\u00f6rker en stund f\u00f6r att allt ifr\u00e5n n\u00e5gra timmar till ett dygn komma tillbaka till sm\u00e4rtfriheten &hellip; <a href=\"https:\/\/blog.skruttet.com\/?p=677\">Forts\u00e4tt l\u00e4sa <span class=\"meta-nav\">&rarr;<\/span><\/a><\/p>\n","protected":false},"author":1,"featured_media":0,"comment_status":"open","ping_status":"open","sticky":false,"template":"","format":"standard","meta":[],"categories":[11,14],"tags":[],"_links":{"self":[{"href":"https:\/\/blog.skruttet.com\/index.php?rest_route=\/wp\/v2\/posts\/677"}],"collection":[{"href":"https:\/\/blog.skruttet.com\/index.php?rest_route=\/wp\/v2\/posts"}],"about":[{"href":"https:\/\/blog.skruttet.com\/index.php?rest_route=\/wp\/v2\/types\/post"}],"author":[{"embeddable":true,"href":"https:\/\/blog.skruttet.com\/index.php?rest_route=\/wp\/v2\/users\/1"}],"replies":[{"embeddable":true,"href":"https:\/\/blog.skruttet.com\/index.php?rest_route=%2Fwp%2Fv2%2Fcomments&post=677"}],"version-history":[{"count":0,"href":"https:\/\/blog.skruttet.com\/index.php?rest_route=\/wp\/v2\/posts\/677\/revisions"}],"wp:attachment":[{"href":"https:\/\/blog.skruttet.com\/index.php?rest_route=%2Fwp%2Fv2%2Fmedia&parent=677"}],"wp:term":[{"taxonomy":"category","embeddable":true,"href":"https:\/\/blog.skruttet.com\/index.php?rest_route=%2Fwp%2Fv2%2Fcategories&post=677"},{"taxonomy":"post_tag","embeddable":true,"href":"https:\/\/blog.skruttet.com\/index.php?rest_route=%2Fwp%2Fv2%2Ftags&post=677"}],"curies":[{"name":"wp","href":"https:\/\/api.w.org\/{rel}","templated":true}]}}